{"id":889,"date":"2020-09-17T15:02:30","date_gmt":"2020-09-17T14:02:30","guid":{"rendered":"https:\/\/www.translanekin.eu\/?p=889"},"modified":"2021-06-29T16:53:17","modified_gmt":"2021-06-29T15:53:17","slug":"reunion-de-lequipe-de-projet-17-septembre-2020","status":"publish","type":"post","link":"https:\/\/www.translanekin.eu\/fr\/reunion-de-lequipe-de-projet-17-septembre-2020\/","title":{"rendered":"R\u00c9UNION DE L\u00b4EQUIPE PROJET 17 SEPTEMBRE 2020"},"content":{"rendered":"<p>[et_pb_section fb_built=\u00a0\u00bb1&Prime; _builder_version=\u00a0\u00bb4.4.3&Prime; custom_padding=\u00a0\u00bb0px|||||\u00a0\u00bb][et_pb_row _builder_version=\u00a0\u00bb4.4.3&Prime;][et_pb_column type=\u00a0\u00bb4_4&Prime; _builder_version=\u00a0\u00bb4.4.3&Prime;][et_pb_image src=\u00a0\u00bbhttps:\/\/www.translanekin.eu\/wp-content\/uploads\/2020\/09\/reuni\u00f3n-translanekin.png\u00a0\u00bb title_text=\u00a0\u00bbreuni\u00f3n translanekin\u00a0\u00bb _builder_version=\u00a0\u00bb4.5.1&Prime; custom_margin=\u00a0\u00bb-23px|||||\u00a0\u00bb hover_enabled=\u00a0\u00bb0&Prime;][\/et_pb_image][et_pb_text _builder_version=\u00a0\u00bb4.4.3&Prime;]<\/p>\n<p>Lors de cette r\u00e9union, \u00e9galement tenue par visioconf\u00e9rence, nous avons abord\u00e9s les sujets suivants:<\/p>\n<p>modification du tableau des co\u00fbts, ajout des d\u00e9penses occasionn\u00e9es par COVID 19 (par exemple: ressources techniques pour le travail \u00e0 distance); demnade de prolngation de 6 mois dans l\u00b4ex\u00e9cution du projet motiv\u00e9e par le confinement issu de la m\u00eame sitation; l\u00b4\u00e9tat du traitement du premier relev\u00e9 de d\u00e9penses du projet; prochaine rencontr\u00e9 avec l\u00b4EUROREGION pour d\u00e9montrer les synergies avec le projet EMPLOI, \u00e9laboration de l\u00b4\u00e9tude de situation dans la zone du projet et actions de formation sur les plateformes informatiques.<\/p>\n<p>&nbsp;<\/p>\n<p>&nbsp;<\/p>\n<p>&nbsp;<\/p>\n<p>&nbsp;<\/p>\n<p>[\/et_pb_text][\/et_pb_column][\/et_pb_row][\/et_pb_section]<\/p>\n","protected":false},"excerpt":{"rendered":"<p>Lors de cette r\u00e9union, \u00e9galement tenue par visioconf\u00e9rence, nous avons abord\u00e9s les sujets suivants: modification du tableau des co\u00fbts, ajout des d\u00e9penses occasionn\u00e9es par COVID 19 (par exemple: ressources techniques pour le travail \u00e0 distance); demnade de prolngation de 6 mois dans l\u00b4ex\u00e9cution du projet motiv\u00e9e par le confinement issu de la m\u00eame sitation; l\u00b4\u00e9tat [&hellip;]<\/p>\n","protected":false},"author":5,"featured_media":884,"comment_status":"closed","ping_status":"closed","sticky":false,"template":"","format":"standard","meta":{"_et_pb_use_builder":"on","_et_pb_old_content":"","_et_gb_content_width":"","footnotes":""},"categories":[22],"tags":[],"class_list":["post-889","post","type-post","status-publish","format-standard","has-post-thumbnail","hentry","category-actions"],"yoast_head":"<!-- This site is optimized with the Yoast SEO plugin v27.5 - https:\/\/yoast.com\/product\/yoast-seo-wordpress\/ -->\n<title>R\u00c9UNION DE L\u00b4EQUIPE PROJET 17 SEPTEMBRE 2020 - Translanekin<\/title>\n<meta name=\"robots\" content=\"index, follow, max-snippet:-1, max-image-preview:large, max-video-preview:-1\" \/>\n<link rel=\"canonical\" href=\"https:\/\/www.translanekin.eu\/fr\/reunion-de-lequipe-de-projet-17-septembre-2020\/\" \/>\n<meta property=\"og:locale\" content=\"fr_FR\" \/>\n<meta property=\"og:type\" content=\"article\" \/>\n<meta property=\"og:title\" content=\"R\u00c9UNION DE L\u00b4EQUIPE PROJET 17 SEPTEMBRE 2020 - Translanekin\" \/>\n<meta property=\"og:description\" content=\"Lors de cette r\u00e9union, \u00e9galement tenue par visioconf\u00e9rence, nous avons abord\u00e9s les sujets suivants: modification du tableau des co\u00fbts, ajout des d\u00e9penses occasionn\u00e9es par COVID 19 (par exemple: ressources techniques pour le travail \u00e0 distance); demnade de prolngation de 6 mois dans l\u00b4ex\u00e9cution du projet motiv\u00e9e par le confinement issu de la m\u00eame sitation; l\u00b4\u00e9tat [&hellip;]\" \/>\n<meta property=\"og:url\" content=\"https:\/\/www.translanekin.eu\/fr\/reunion-de-lequipe-de-projet-17-septembre-2020\/\" \/>\n<meta property=\"og:site_name\" content=\"Translanekin\" \/>\n<meta property=\"article:published_time\" content=\"2020-09-17T14:02:30+00:00\" \/>\n<meta property=\"article:modified_time\" content=\"2021-06-29T15:53:17+00:00\" \/>\n<meta property=\"og:image\" content=\"https:\/\/www.translanekin.eu\/wp-content\/uploads\/2020\/09\/reuni\u00f3n-translanekin-1024x576.png\" \/>\n\t<meta property=\"og:image:width\" content=\"1024\" \/>\n\t<meta property=\"og:image:height\" content=\"576\" \/>\n\t<meta property=\"og:image:type\" content=\"image\/png\" \/>\n<meta name=\"author\" content=\"ElsaArete\" \/>\n<meta name=\"twitter:card\" content=\"summary_large_image\" \/>\n<meta name=\"twitter:label1\" content=\"\u00c9crit par\" \/>\n\t<meta name=\"twitter:data1\" content=\"ElsaArete\" \/>\n\t<meta name=\"twitter:label2\" content=\"Dur\u00e9e de lecture estim\u00e9e\" \/>\n\t<meta name=\"twitter:data2\" content=\"1 minute\" \/>\n<script type=\"application\/ld+json\" class=\"yoast-schema-graph\">{\"@context\":\"https:\\\/\\\/schema.org\",\"@graph\":[{\"@type\":\"Article\",\"@id\":\"https:\\\/\\\/www.translanekin.eu\\\/fr\\\/reunion-de-lequipe-de-projet-17-septembre-2020\\\/#article\",\"isPartOf\":{\"@id\":\"https:\\\/\\\/www.translanekin.eu\\\/fr\\\/reunion-de-lequipe-de-projet-17-septembre-2020\\\/\"},\"author\":{\"name\":\"ElsaArete\",\"@id\":\"https:\\\/\\\/www.translanekin.eu\\\/fr\\\/#\\\/schema\\\/person\\\/916dd2dbe63b9dfd136e35770e8b0779\"},\"headline\":\"R\u00c9UNION DE L\u00b4EQUIPE PROJET 17 SEPTEMBRE 2020\",\"datePublished\":\"2020-09-17T14:02:30+00:00\",\"dateModified\":\"2021-06-29T15:53:17+00:00\",\"mainEntityOfPage\":{\"@id\":\"https:\\\/\\\/www.translanekin.eu\\\/fr\\\/reunion-de-lequipe-de-projet-17-septembre-2020\\\/\"},\"wordCount\":184,\"image\":{\"@id\":\"https:\\\/\\\/www.translanekin.eu\\\/fr\\\/reunion-de-lequipe-de-projet-17-septembre-2020\\\/#primaryimage\"},\"thumbnailUrl\":\"https:\\\/\\\/www.translanekin.eu\\\/wp-content\\\/uploads\\\/2020\\\/09\\\/reuni\u00f3n-translanekin.png\",\"articleSection\":[\"actions\"],\"inLanguage\":\"fr-FR\"},{\"@type\":\"WebPage\",\"@id\":\"https:\\\/\\\/www.translanekin.eu\\\/fr\\\/reunion-de-lequipe-de-projet-17-septembre-2020\\\/\",\"url\":\"https:\\\/\\\/www.translanekin.eu\\\/fr\\\/reunion-de-lequipe-de-projet-17-septembre-2020\\\/\",\"name\":\"R\u00c9UNION DE L\u00b4EQUIPE PROJET 17 SEPTEMBRE 2020 - Translanekin\",\"isPartOf\":{\"@id\":\"https:\\\/\\\/www.translanekin.eu\\\/fr\\\/#website\"},\"primaryImageOfPage\":{\"@id\":\"https:\\\/\\\/www.translanekin.eu\\\/fr\\\/reunion-de-lequipe-de-projet-17-septembre-2020\\\/#primaryimage\"},\"image\":{\"@id\":\"https:\\\/\\\/www.translanekin.eu\\\/fr\\\/reunion-de-lequipe-de-projet-17-septembre-2020\\\/#primaryimage\"},\"thumbnailUrl\":\"https:\\\/\\\/www.translanekin.eu\\\/wp-content\\\/uploads\\\/2020\\\/09\\\/reuni\u00f3n-translanekin.png\",\"datePublished\":\"2020-09-17T14:02:30+00:00\",\"dateModified\":\"2021-06-29T15:53:17+00:00\",\"author\":{\"@id\":\"https:\\\/\\\/www.translanekin.eu\\\/fr\\\/#\\\/schema\\\/person\\\/916dd2dbe63b9dfd136e35770e8b0779\"},\"breadcrumb\":{\"@id\":\"https:\\\/\\\/www.translanekin.eu\\\/fr\\\/reunion-de-lequipe-de-projet-17-septembre-2020\\\/#breadcrumb\"},\"inLanguage\":\"fr-FR\",\"potentialAction\":[{\"@type\":\"ReadAction\",\"target\":[\"https:\\\/\\\/www.translanekin.eu\\\/fr\\\/reunion-de-lequipe-de-projet-17-septembre-2020\\\/\"]}]},{\"@type\":\"ImageObject\",\"inLanguage\":\"fr-FR\",\"@id\":\"https:\\\/\\\/www.translanekin.eu\\\/fr\\\/reunion-de-lequipe-de-projet-17-septembre-2020\\\/#primaryimage\",\"url\":\"https:\\\/\\\/www.translanekin.eu\\\/wp-content\\\/uploads\\\/2020\\\/09\\\/reuni\u00f3n-translanekin.png\",\"contentUrl\":\"https:\\\/\\\/www.translanekin.eu\\\/wp-content\\\/uploads\\\/2020\\\/09\\\/reuni\u00f3n-translanekin.png\",\"width\":1920,\"height\":1080},{\"@type\":\"BreadcrumbList\",\"@id\":\"https:\\\/\\\/www.translanekin.eu\\\/fr\\\/reunion-de-lequipe-de-projet-17-septembre-2020\\\/#breadcrumb\",\"itemListElement\":[{\"@type\":\"ListItem\",\"position\":1,\"name\":\"Portada\",\"item\":\"https:\\\/\\\/www.translanekin.eu\\\/fr\\\/\"},{\"@type\":\"ListItem\",\"position\":2,\"name\":\"R\u00c9UNION DE L\u00b4EQUIPE PROJET 17 SEPTEMBRE 2020\"}]},{\"@type\":\"WebSite\",\"@id\":\"https:\\\/\\\/www.translanekin.eu\\\/fr\\\/#website\",\"url\":\"https:\\\/\\\/www.translanekin.eu\\\/fr\\\/\",\"name\":\"Translanekin\",\"description\":\"Un proyecto para impulsar la movilidad laboral a ambos lados del Pirineo\",\"potentialAction\":[{\"@type\":\"SearchAction\",\"target\":{\"@type\":\"EntryPoint\",\"urlTemplate\":\"https:\\\/\\\/www.translanekin.eu\\\/fr\\\/?s={search_term_string}\"},\"query-input\":{\"@type\":\"PropertyValueSpecification\",\"valueRequired\":true,\"valueName\":\"search_term_string\"}}],\"inLanguage\":\"fr-FR\"},{\"@type\":\"Person\",\"@id\":\"https:\\\/\\\/www.translanekin.eu\\\/fr\\\/#\\\/schema\\\/person\\\/916dd2dbe63b9dfd136e35770e8b0779\",\"name\":\"ElsaArete\",\"image\":{\"@type\":\"ImageObject\",\"inLanguage\":\"fr-FR\",\"@id\":\"https:\\\/\\\/secure.gravatar.com\\\/avatar\\\/7c3b4d51277db06bbdca809564aa5b95d0e0174251aed16dba883ee4bce244fc?s=96&d=mm&r=g\",\"url\":\"https:\\\/\\\/secure.gravatar.com\\\/avatar\\\/7c3b4d51277db06bbdca809564aa5b95d0e0174251aed16dba883ee4bce244fc?s=96&d=mm&r=g\",\"contentUrl\":\"https:\\\/\\\/secure.gravatar.com\\\/avatar\\\/7c3b4d51277db06bbdca809564aa5b95d0e0174251aed16dba883ee4bce244fc?s=96&d=mm&r=g\",\"caption\":\"ElsaArete\"},\"url\":\"https:\\\/\\\/www.translanekin.eu\\\/fr\\\/author\\\/elsaarete\\\/\"}]}<\/script>\n<!-- \/ Yoast SEO plugin. -->","yoast_head_json":{"title":"R\u00c9UNION DE L\u00b4EQUIPE PROJET 17 SEPTEMBRE 2020 - Translanekin","robots":{"index":"index","follow":"follow","max-snippet":"max-snippet:-1","max-image-preview":"max-image-preview:large","max-video-preview":"max-video-preview:-1"},"canonical":"https:\/\/www.translanekin.eu\/fr\/reunion-de-lequipe-de-projet-17-septembre-2020\/","og_locale":"fr_FR","og_type":"article","og_title":"R\u00c9UNION DE L\u00b4EQUIPE PROJET 17 SEPTEMBRE 2020 - Translanekin","og_description":"Lors de cette r\u00e9union, \u00e9galement tenue par visioconf\u00e9rence, nous avons abord\u00e9s les sujets suivants: modification du tableau des co\u00fbts, ajout des d\u00e9penses occasionn\u00e9es par COVID 19 (par exemple: ressources techniques pour le travail \u00e0 distance); demnade de prolngation de 6 mois dans l\u00b4ex\u00e9cution du projet motiv\u00e9e par le confinement issu de la m\u00eame sitation; l\u00b4\u00e9tat [&hellip;]","og_url":"https:\/\/www.translanekin.eu\/fr\/reunion-de-lequipe-de-projet-17-septembre-2020\/","og_site_name":"Translanekin","article_published_time":"2020-09-17T14:02:30+00:00","article_modified_time":"2021-06-29T15:53:17+00:00","og_image":[{"width":1024,"height":576,"url":"https:\/\/www.translanekin.eu\/wp-content\/uploads\/2020\/09\/reuni\u00f3n-translanekin-1024x576.png","type":"image\/png"}],"author":"ElsaArete","twitter_card":"summary_large_image","twitter_misc":{"\u00c9crit par":"ElsaArete","Dur\u00e9e de lecture estim\u00e9e":"1 minute"},"schema":{"@context":"https:\/\/schema.org","@graph":[{"@type":"Article","@id":"https:\/\/www.translanekin.eu\/fr\/reunion-de-lequipe-de-projet-17-septembre-2020\/#article","isPartOf":{"@id":"https:\/\/www.translanekin.eu\/fr\/reunion-de-lequipe-de-projet-17-septembre-2020\/"},"author":{"name":"ElsaArete","@id":"https:\/\/www.translanekin.eu\/fr\/#\/schema\/person\/916dd2dbe63b9dfd136e35770e8b0779"},"headline":"R\u00c9UNION DE L\u00b4EQUIPE PROJET 17 SEPTEMBRE 2020","datePublished":"2020-09-17T14:02:30+00:00","dateModified":"2021-06-29T15:53:17+00:00","mainEntityOfPage":{"@id":"https:\/\/www.translanekin.eu\/fr\/reunion-de-lequipe-de-projet-17-septembre-2020\/"},"wordCount":184,"image":{"@id":"https:\/\/www.translanekin.eu\/fr\/reunion-de-lequipe-de-projet-17-septembre-2020\/#primaryimage"},"thumbnailUrl":"https:\/\/www.translanekin.eu\/wp-content\/uploads\/2020\/09\/reuni\u00f3n-translanekin.png","articleSection":["actions"],"inLanguage":"fr-FR"},{"@type":"WebPage","@id":"https:\/\/www.translanekin.eu\/fr\/reunion-de-lequipe-de-projet-17-septembre-2020\/","url":"https:\/\/www.translanekin.eu\/fr\/reunion-de-lequipe-de-projet-17-septembre-2020\/","name":"R\u00c9UNION DE L\u00b4EQUIPE PROJET 17 SEPTEMBRE 2020 - Translanekin","isPartOf":{"@id":"https:\/\/www.translanekin.eu\/fr\/#website"},"primaryImageOfPage":{"@id":"https:\/\/www.translanekin.eu\/fr\/reunion-de-lequipe-de-projet-17-septembre-2020\/#primaryimage"},"image":{"@id":"https:\/\/www.translanekin.eu\/fr\/reunion-de-lequipe-de-projet-17-septembre-2020\/#primaryimage"},"thumbnailUrl":"https:\/\/www.translanekin.eu\/wp-content\/uploads\/2020\/09\/reuni\u00f3n-translanekin.png","datePublished":"2020-09-17T14:02:30+00:00","dateModified":"2021-06-29T15:53:17+00:00","author":{"@id":"https:\/\/www.translanekin.eu\/fr\/#\/schema\/person\/916dd2dbe63b9dfd136e35770e8b0779"},"breadcrumb":{"@id":"https:\/\/www.translanekin.eu\/fr\/reunion-de-lequipe-de-projet-17-septembre-2020\/#breadcrumb"},"inLanguage":"fr-FR","potentialAction":[{"@type":"ReadAction","target":["https:\/\/www.translanekin.eu\/fr\/reunion-de-lequipe-de-projet-17-septembre-2020\/"]}]},{"@type":"ImageObject","inLanguage":"fr-FR","@id":"https:\/\/www.translanekin.eu\/fr\/reunion-de-lequipe-de-projet-17-septembre-2020\/#primaryimage","url":"https:\/\/www.translanekin.eu\/wp-content\/uploads\/2020\/09\/reuni\u00f3n-translanekin.png","contentUrl":"https:\/\/www.translanekin.eu\/wp-content\/uploads\/2020\/09\/reuni\u00f3n-translanekin.png","width":1920,"height":1080},{"@type":"BreadcrumbList","@id":"https:\/\/www.translanekin.eu\/fr\/reunion-de-lequipe-de-projet-17-septembre-2020\/#breadcrumb","itemListElement":[{"@type":"ListItem","position":1,"name":"Portada","item":"https:\/\/www.translanekin.eu\/fr\/"},{"@type":"ListItem","position":2,"name":"R\u00c9UNION DE L\u00b4EQUIPE PROJET 17 SEPTEMBRE 2020"}]},{"@type":"WebSite","@id":"https:\/\/www.translanekin.eu\/fr\/#website","url":"https:\/\/www.translanekin.eu\/fr\/","name":"Translanekin","description":"Un proyecto para impulsar la movilidad laboral a ambos lados del Pirineo","potentialAction":[{"@type":"SearchAction","target":{"@type":"EntryPoint","urlTemplate":"https:\/\/www.translanekin.eu\/fr\/?s={search_term_string}"},"query-input":{"@type":"PropertyValueSpecification","valueRequired":true,"valueName":"search_term_string"}}],"inLanguage":"fr-FR"},{"@type":"Person","@id":"https:\/\/www.translanekin.eu\/fr\/#\/schema\/person\/916dd2dbe63b9dfd136e35770e8b0779","name":"ElsaArete","image":{"@type":"ImageObject","inLanguage":"fr-FR","@id":"https:\/\/secure.gravatar.com\/avatar\/7c3b4d51277db06bbdca809564aa5b95d0e0174251aed16dba883ee4bce244fc?s=96&d=mm&r=g","url":"https:\/\/secure.gravatar.com\/avatar\/7c3b4d51277db06bbdca809564aa5b95d0e0174251aed16dba883ee4bce244fc?s=96&d=mm&r=g","contentUrl":"https:\/\/secure.gravatar.com\/avatar\/7c3b4d51277db06bbdca809564aa5b95d0e0174251aed16dba883ee4bce244fc?s=96&d=mm&r=g","caption":"ElsaArete"},"url":"https:\/\/www.translanekin.eu\/fr\/author\/elsaarete\/"}]}},"_links":{"self":[{"href":"https:\/\/www.translanekin.eu\/fr\/wp-json\/wp\/v2\/posts\/889","targetHints":{"allow":["GET"]}}],"collection":[{"href":"https:\/\/www.translanekin.eu\/fr\/wp-json\/wp\/v2\/posts"}],"about":[{"href":"https:\/\/www.translanekin.eu\/fr\/wp-json\/wp\/v2\/types\/post"}],"author":[{"embeddable":true,"href":"https:\/\/www.translanekin.eu\/fr\/wp-json\/wp\/v2\/users\/5"}],"replies":[{"embeddable":true,"href":"https:\/\/www.translanekin.eu\/fr\/wp-json\/wp\/v2\/comments?post=889"}],"version-history":[{"count":3,"href":"https:\/\/www.translanekin.eu\/fr\/wp-json\/wp\/v2\/posts\/889\/revisions"}],"predecessor-version":[{"id":1418,"href":"https:\/\/www.translanekin.eu\/fr\/wp-json\/wp\/v2\/posts\/889\/revisions\/1418"}],"wp:featuredmedia":[{"embeddable":true,"href":"https:\/\/www.translanekin.eu\/fr\/wp-json\/wp\/v2\/media\/884"}],"wp:attachment":[{"href":"https:\/\/www.translanekin.eu\/fr\/wp-json\/wp\/v2\/media?parent=889"}],"wp:term":[{"taxonomy":"category","embeddable":true,"href":"https:\/\/www.translanekin.eu\/fr\/wp-json\/wp\/v2\/categories?post=889"},{"taxonomy":"post_tag","embeddable":true,"href":"https:\/\/www.translanekin.eu\/fr\/wp-json\/wp\/v2\/tags?post=889"}],"curies":[{"name":"wp","href":"https:\/\/api.w.org\/{rel}","templated":true}]}}