{"id":541,"date":"2020-02-28T00:44:07","date_gmt":"2020-02-27T23:44:07","guid":{"rendered":"https:\/\/www.translanekin.eu\/reunion-de-lequipe-du-projet-au-siege-de-laneko-a-hendaye-le-fevrier-2020\/"},"modified":"2021-06-29T16:55:18","modified_gmt":"2021-06-29T15:55:18","slug":"reunion-de-lequipe-du-projet-au-siege-de-laneko-a-hendaye-le-fevrier-2020","status":"publish","type":"post","link":"https:\/\/www.translanekin.eu\/fr\/reunion-de-lequipe-du-projet-au-siege-de-laneko-a-hendaye-le-fevrier-2020\/","title":{"rendered":"R\u00e9union de l\u2019\u00c9quipe Projet au si\u00e8ge de LANEKO, \u00e0 Hendaye, le f\u00e9vrier 2020"},"content":{"rendered":"\n<div class=\"wp-block-image\"><figure class=\"aligncenter size-large\"><img loading=\"lazy\" decoding=\"async\" width=\"1000\" height=\"561\" src=\"https:\/\/www.translanekin.eu\/wp-content\/uploads\/2020\/02\/Hendaya-primera-reuni\u00f3n-translanekin.jpg\" alt=\"R&#xE9;union de l&#x2019;&#xC9;quipe du Projet au si&#xE8;ge de LANEKO, &#xE0; Hendaye, le f&#xE9;vrier 2020\" class=\"wp-image-379\" srcset=\"https:\/\/www.translanekin.eu\/wp-content\/uploads\/2020\/02\/Hendaya-primera-reuni\u00f3n-translanekin.jpg 1000w, https:\/\/www.translanekin.eu\/wp-content\/uploads\/2020\/02\/Hendaya-primera-reuni\u00f3n-translanekin-300x168.jpg 300w, https:\/\/www.translanekin.eu\/wp-content\/uploads\/2020\/02\/Hendaya-primera-reuni\u00f3n-translanekin-768x431.jpg 768w, https:\/\/www.translanekin.eu\/wp-content\/uploads\/2020\/02\/Hendaya-primera-reuni\u00f3n-translanekin-980x550.jpg 980w, https:\/\/www.translanekin.eu\/wp-content\/uploads\/2020\/02\/Hendaya-primera-reuni\u00f3n-translanekin-480x269.jpg 480w\" sizes=\"(max-width: 1000px) 100vw, 1000px\" \/><\/figure><\/div>\n\n<p>Cette r\u00e9union a permis de passer en revue la session de lancement du projet et d&rsquo;\u00e9tudier les diff\u00e9rents aspects de la gestion de celui-ci : les dates de justification des frais, la dynamique de coordination entre les partenaires responsables des t\u00e2ches d\u2019\u00e9tude de la situation et de la dynamique de coordination pour les actions de communication du projet. <\/p>\n\n<p><\/p>\n","protected":false},"excerpt":{"rendered":"<p>Cette r\u00e9union a permis de passer en revue la session de lancement du projet et d&rsquo;\u00e9tudier les diff\u00e9rents aspects de la gestion de celui-ci : les dates de justification des frais, la dynamique de coordination entre les partenaires responsables des t\u00e2ches d\u2019\u00e9tude de la situation et de la dynamique de coordination pour les actions de [&hellip;]<\/p>\n","protected":false},"author":1,"featured_media":379,"comment_status":"closed","ping_status":"closed","sticky":false,"template":"","format":"standard","meta":{"_et_pb_use_builder":"off","_et_pb_old_content":"Cette r\u00e9union a permis de passer en revue la session de lancement du projet et d'\u00e9tudier les diff\u00e9rents aspects de la gestion de celui-ci : les dates de justification des frais, la dynamique de coordination entre les partenaires responsables des t\u00e2ches d\u2019\u00e9tude de la situation et de la dynamique de coordination pour les actions de communication du projet. ","_et_gb_content_width":"","footnotes":""},"categories":[22],"tags":[],"class_list":["post-541","post","type-post","status-publish","format-standard","has-post-thumbnail","hentry","category-actions"],"yoast_head":"<!-- This site is optimized with the Yoast SEO plugin v27.5 - https:\/\/yoast.com\/product\/yoast-seo-wordpress\/ -->\n<title>R\u00e9union de l\u2019\u00c9quipe Projet au si\u00e8ge de LANEKO, \u00e0 Hendaye, le f\u00e9vrier 2020 - Translanekin<\/title>\n<meta name=\"robots\" content=\"index, follow, max-snippet:-1, max-image-preview:large, max-video-preview:-1\" \/>\n<link rel=\"canonical\" href=\"https:\/\/www.translanekin.eu\/fr\/reunion-de-lequipe-du-projet-au-siege-de-laneko-a-hendaye-le-fevrier-2020\/\" \/>\n<meta property=\"og:locale\" content=\"fr_FR\" \/>\n<meta property=\"og:type\" content=\"article\" \/>\n<meta property=\"og:title\" content=\"R\u00e9union de l\u2019\u00c9quipe Projet au si\u00e8ge de LANEKO, \u00e0 Hendaye, le f\u00e9vrier 2020 - Translanekin\" \/>\n<meta property=\"og:description\" content=\"Cette r\u00e9union a permis de passer en revue la session de lancement du projet et d&rsquo;\u00e9tudier les diff\u00e9rents aspects de la gestion de celui-ci : les dates de justification des frais, la dynamique de coordination entre les partenaires responsables des t\u00e2ches d\u2019\u00e9tude de la situation et de la dynamique de coordination pour les actions de [&hellip;]\" \/>\n<meta property=\"og:url\" content=\"https:\/\/www.translanekin.eu\/fr\/reunion-de-lequipe-du-projet-au-siege-de-laneko-a-hendaye-le-fevrier-2020\/\" \/>\n<meta property=\"og:site_name\" content=\"Translanekin\" \/>\n<meta property=\"article:published_time\" content=\"2020-02-27T23:44:07+00:00\" \/>\n<meta property=\"article:modified_time\" content=\"2021-06-29T15:55:18+00:00\" \/>\n<meta property=\"og:image\" content=\"https:\/\/www.translanekin.eu\/wp-content\/uploads\/2020\/02\/Hendaya-primera-reuni\u00f3n-translanekin.jpg\" \/>\n\t<meta property=\"og:image:width\" content=\"1000\" \/>\n\t<meta property=\"og:image:height\" content=\"561\" \/>\n\t<meta property=\"og:image:type\" content=\"image\/jpeg\" \/>\n<meta name=\"author\" content=\"Jorge\" \/>\n<meta name=\"twitter:card\" content=\"summary_large_image\" \/>\n<meta name=\"twitter:label1\" content=\"\u00c9crit par\" \/>\n\t<meta name=\"twitter:data1\" content=\"Jorge\" \/>\n<script type=\"application\/ld+json\" class=\"yoast-schema-graph\">{\"@context\":\"https:\\\/\\\/schema.org\",\"@graph\":[{\"@type\":\"Article\",\"@id\":\"https:\\\/\\\/www.translanekin.eu\\\/fr\\\/reunion-de-lequipe-du-projet-au-siege-de-laneko-a-hendaye-le-fevrier-2020\\\/#article\",\"isPartOf\":{\"@id\":\"https:\\\/\\\/www.translanekin.eu\\\/fr\\\/reunion-de-lequipe-du-projet-au-siege-de-laneko-a-hendaye-le-fevrier-2020\\\/\"},\"author\":{\"name\":\"Jorge\",\"@id\":\"https:\\\/\\\/www.translanekin.eu\\\/fr\\\/#\\\/schema\\\/person\\\/bbed9d2fdda1229a2153d5e3d2c8e2e7\"},\"headline\":\"R\u00e9union de l\u2019\u00c9quipe Projet au si\u00e8ge de LANEKO, \u00e0 Hendaye, le f\u00e9vrier 2020\",\"datePublished\":\"2020-02-27T23:44:07+00:00\",\"dateModified\":\"2021-06-29T15:55:18+00:00\",\"mainEntityOfPage\":{\"@id\":\"https:\\\/\\\/www.translanekin.eu\\\/fr\\\/reunion-de-lequipe-du-projet-au-siege-de-laneko-a-hendaye-le-fevrier-2020\\\/\"},\"wordCount\":77,\"image\":{\"@id\":\"https:\\\/\\\/www.translanekin.eu\\\/fr\\\/reunion-de-lequipe-du-projet-au-siege-de-laneko-a-hendaye-le-fevrier-2020\\\/#primaryimage\"},\"thumbnailUrl\":\"https:\\\/\\\/www.translanekin.eu\\\/wp-content\\\/uploads\\\/2020\\\/02\\\/Hendaya-primera-reuni\u00f3n-translanekin.jpg\",\"articleSection\":[\"actions\"],\"inLanguage\":\"fr-FR\"},{\"@type\":\"WebPage\",\"@id\":\"https:\\\/\\\/www.translanekin.eu\\\/fr\\\/reunion-de-lequipe-du-projet-au-siege-de-laneko-a-hendaye-le-fevrier-2020\\\/\",\"url\":\"https:\\\/\\\/www.translanekin.eu\\\/fr\\\/reunion-de-lequipe-du-projet-au-siege-de-laneko-a-hendaye-le-fevrier-2020\\\/\",\"name\":\"R\u00e9union de l\u2019\u00c9quipe Projet au si\u00e8ge de LANEKO, \u00e0 Hendaye, le f\u00e9vrier 2020 - Translanekin\",\"isPartOf\":{\"@id\":\"https:\\\/\\\/www.translanekin.eu\\\/fr\\\/#website\"},\"primaryImageOfPage\":{\"@id\":\"https:\\\/\\\/www.translanekin.eu\\\/fr\\\/reunion-de-lequipe-du-projet-au-siege-de-laneko-a-hendaye-le-fevrier-2020\\\/#primaryimage\"},\"image\":{\"@id\":\"https:\\\/\\\/www.translanekin.eu\\\/fr\\\/reunion-de-lequipe-du-projet-au-siege-de-laneko-a-hendaye-le-fevrier-2020\\\/#primaryimage\"},\"thumbnailUrl\":\"https:\\\/\\\/www.translanekin.eu\\\/wp-content\\\/uploads\\\/2020\\\/02\\\/Hendaya-primera-reuni\u00f3n-translanekin.jpg\",\"datePublished\":\"2020-02-27T23:44:07+00:00\",\"dateModified\":\"2021-06-29T15:55:18+00:00\",\"author\":{\"@id\":\"https:\\\/\\\/www.translanekin.eu\\\/fr\\\/#\\\/schema\\\/person\\\/bbed9d2fdda1229a2153d5e3d2c8e2e7\"},\"breadcrumb\":{\"@id\":\"https:\\\/\\\/www.translanekin.eu\\\/fr\\\/reunion-de-lequipe-du-projet-au-siege-de-laneko-a-hendaye-le-fevrier-2020\\\/#breadcrumb\"},\"inLanguage\":\"fr-FR\",\"potentialAction\":[{\"@type\":\"ReadAction\",\"target\":[\"https:\\\/\\\/www.translanekin.eu\\\/fr\\\/reunion-de-lequipe-du-projet-au-siege-de-laneko-a-hendaye-le-fevrier-2020\\\/\"]}]},{\"@type\":\"ImageObject\",\"inLanguage\":\"fr-FR\",\"@id\":\"https:\\\/\\\/www.translanekin.eu\\\/fr\\\/reunion-de-lequipe-du-projet-au-siege-de-laneko-a-hendaye-le-fevrier-2020\\\/#primaryimage\",\"url\":\"https:\\\/\\\/www.translanekin.eu\\\/wp-content\\\/uploads\\\/2020\\\/02\\\/Hendaya-primera-reuni\u00f3n-translanekin.jpg\",\"contentUrl\":\"https:\\\/\\\/www.translanekin.eu\\\/wp-content\\\/uploads\\\/2020\\\/02\\\/Hendaya-primera-reuni\u00f3n-translanekin.jpg\",\"width\":1000,\"height\":561,\"caption\":\"Hendaya primera reuni\u00f3n translanekin\"},{\"@type\":\"BreadcrumbList\",\"@id\":\"https:\\\/\\\/www.translanekin.eu\\\/fr\\\/reunion-de-lequipe-du-projet-au-siege-de-laneko-a-hendaye-le-fevrier-2020\\\/#breadcrumb\",\"itemListElement\":[{\"@type\":\"ListItem\",\"position\":1,\"name\":\"Portada\",\"item\":\"https:\\\/\\\/www.translanekin.eu\\\/fr\\\/\"},{\"@type\":\"ListItem\",\"position\":2,\"name\":\"R\u00e9union de l\u2019\u00c9quipe Projet au si\u00e8ge de LANEKO, \u00e0 Hendaye, le f\u00e9vrier 2020\"}]},{\"@type\":\"WebSite\",\"@id\":\"https:\\\/\\\/www.translanekin.eu\\\/fr\\\/#website\",\"url\":\"https:\\\/\\\/www.translanekin.eu\\\/fr\\\/\",\"name\":\"Translanekin\",\"description\":\"Un proyecto para impulsar la movilidad laboral a ambos lados del Pirineo\",\"potentialAction\":[{\"@type\":\"SearchAction\",\"target\":{\"@type\":\"EntryPoint\",\"urlTemplate\":\"https:\\\/\\\/www.translanekin.eu\\\/fr\\\/?s={search_term_string}\"},\"query-input\":{\"@type\":\"PropertyValueSpecification\",\"valueRequired\":true,\"valueName\":\"search_term_string\"}}],\"inLanguage\":\"fr-FR\"},{\"@type\":\"Person\",\"@id\":\"https:\\\/\\\/www.translanekin.eu\\\/fr\\\/#\\\/schema\\\/person\\\/bbed9d2fdda1229a2153d5e3d2c8e2e7\",\"name\":\"Jorge\",\"image\":{\"@type\":\"ImageObject\",\"inLanguage\":\"fr-FR\",\"@id\":\"https:\\\/\\\/secure.gravatar.com\\\/avatar\\\/b01a77720cb066737b97214e41d065b5643255f20485beab9eaadb75203b5a91?s=96&d=mm&r=g\",\"url\":\"https:\\\/\\\/secure.gravatar.com\\\/avatar\\\/b01a77720cb066737b97214e41d065b5643255f20485beab9eaadb75203b5a91?s=96&d=mm&r=g\",\"contentUrl\":\"https:\\\/\\\/secure.gravatar.com\\\/avatar\\\/b01a77720cb066737b97214e41d065b5643255f20485beab9eaadb75203b5a91?s=96&d=mm&r=g\",\"caption\":\"Jorge\"},\"url\":\"https:\\\/\\\/www.translanekin.eu\\\/fr\\\/author\\\/jorge\\\/\"}]}<\/script>\n<!-- \/ Yoast SEO plugin. -->","yoast_head_json":{"title":"R\u00e9union de l\u2019\u00c9quipe Projet au si\u00e8ge de LANEKO, \u00e0 Hendaye, le f\u00e9vrier 2020 - Translanekin","robots":{"index":"index","follow":"follow","max-snippet":"max-snippet:-1","max-image-preview":"max-image-preview:large","max-video-preview":"max-video-preview:-1"},"canonical":"https:\/\/www.translanekin.eu\/fr\/reunion-de-lequipe-du-projet-au-siege-de-laneko-a-hendaye-le-fevrier-2020\/","og_locale":"fr_FR","og_type":"article","og_title":"R\u00e9union de l\u2019\u00c9quipe Projet au si\u00e8ge de LANEKO, \u00e0 Hendaye, le f\u00e9vrier 2020 - Translanekin","og_description":"Cette r\u00e9union a permis de passer en revue la session de lancement du projet et d&rsquo;\u00e9tudier les diff\u00e9rents aspects de la gestion de celui-ci : les dates de justification des frais, la dynamique de coordination entre les partenaires responsables des t\u00e2ches d\u2019\u00e9tude de la situation et de la dynamique de coordination pour les actions de [&hellip;]","og_url":"https:\/\/www.translanekin.eu\/fr\/reunion-de-lequipe-du-projet-au-siege-de-laneko-a-hendaye-le-fevrier-2020\/","og_site_name":"Translanekin","article_published_time":"2020-02-27T23:44:07+00:00","article_modified_time":"2021-06-29T15:55:18+00:00","og_image":[{"width":1000,"height":561,"url":"https:\/\/www.translanekin.eu\/wp-content\/uploads\/2020\/02\/Hendaya-primera-reuni\u00f3n-translanekin.jpg","type":"image\/jpeg"}],"author":"Jorge","twitter_card":"summary_large_image","twitter_misc":{"\u00c9crit par":"Jorge"},"schema":{"@context":"https:\/\/schema.org","@graph":[{"@type":"Article","@id":"https:\/\/www.translanekin.eu\/fr\/reunion-de-lequipe-du-projet-au-siege-de-laneko-a-hendaye-le-fevrier-2020\/#article","isPartOf":{"@id":"https:\/\/www.translanekin.eu\/fr\/reunion-de-lequipe-du-projet-au-siege-de-laneko-a-hendaye-le-fevrier-2020\/"},"author":{"name":"Jorge","@id":"https:\/\/www.translanekin.eu\/fr\/#\/schema\/person\/bbed9d2fdda1229a2153d5e3d2c8e2e7"},"headline":"R\u00e9union de l\u2019\u00c9quipe Projet au si\u00e8ge de LANEKO, \u00e0 Hendaye, le f\u00e9vrier 2020","datePublished":"2020-02-27T23:44:07+00:00","dateModified":"2021-06-29T15:55:18+00:00","mainEntityOfPage":{"@id":"https:\/\/www.translanekin.eu\/fr\/reunion-de-lequipe-du-projet-au-siege-de-laneko-a-hendaye-le-fevrier-2020\/"},"wordCount":77,"image":{"@id":"https:\/\/www.translanekin.eu\/fr\/reunion-de-lequipe-du-projet-au-siege-de-laneko-a-hendaye-le-fevrier-2020\/#primaryimage"},"thumbnailUrl":"https:\/\/www.translanekin.eu\/wp-content\/uploads\/2020\/02\/Hendaya-primera-reuni\u00f3n-translanekin.jpg","articleSection":["actions"],"inLanguage":"fr-FR"},{"@type":"WebPage","@id":"https:\/\/www.translanekin.eu\/fr\/reunion-de-lequipe-du-projet-au-siege-de-laneko-a-hendaye-le-fevrier-2020\/","url":"https:\/\/www.translanekin.eu\/fr\/reunion-de-lequipe-du-projet-au-siege-de-laneko-a-hendaye-le-fevrier-2020\/","name":"R\u00e9union de l\u2019\u00c9quipe Projet au si\u00e8ge de LANEKO, \u00e0 Hendaye, le f\u00e9vrier 2020 - Translanekin","isPartOf":{"@id":"https:\/\/www.translanekin.eu\/fr\/#website"},"primaryImageOfPage":{"@id":"https:\/\/www.translanekin.eu\/fr\/reunion-de-lequipe-du-projet-au-siege-de-laneko-a-hendaye-le-fevrier-2020\/#primaryimage"},"image":{"@id":"https:\/\/www.translanekin.eu\/fr\/reunion-de-lequipe-du-projet-au-siege-de-laneko-a-hendaye-le-fevrier-2020\/#primaryimage"},"thumbnailUrl":"https:\/\/www.translanekin.eu\/wp-content\/uploads\/2020\/02\/Hendaya-primera-reuni\u00f3n-translanekin.jpg","datePublished":"2020-02-27T23:44:07+00:00","dateModified":"2021-06-29T15:55:18+00:00","author":{"@id":"https:\/\/www.translanekin.eu\/fr\/#\/schema\/person\/bbed9d2fdda1229a2153d5e3d2c8e2e7"},"breadcrumb":{"@id":"https:\/\/www.translanekin.eu\/fr\/reunion-de-lequipe-du-projet-au-siege-de-laneko-a-hendaye-le-fevrier-2020\/#breadcrumb"},"inLanguage":"fr-FR","potentialAction":[{"@type":"ReadAction","target":["https:\/\/www.translanekin.eu\/fr\/reunion-de-lequipe-du-projet-au-siege-de-laneko-a-hendaye-le-fevrier-2020\/"]}]},{"@type":"ImageObject","inLanguage":"fr-FR","@id":"https:\/\/www.translanekin.eu\/fr\/reunion-de-lequipe-du-projet-au-siege-de-laneko-a-hendaye-le-fevrier-2020\/#primaryimage","url":"https:\/\/www.translanekin.eu\/wp-content\/uploads\/2020\/02\/Hendaya-primera-reuni\u00f3n-translanekin.jpg","contentUrl":"https:\/\/www.translanekin.eu\/wp-content\/uploads\/2020\/02\/Hendaya-primera-reuni\u00f3n-translanekin.jpg","width":1000,"height":561,"caption":"Hendaya primera reuni\u00f3n translanekin"},{"@type":"BreadcrumbList","@id":"https:\/\/www.translanekin.eu\/fr\/reunion-de-lequipe-du-projet-au-siege-de-laneko-a-hendaye-le-fevrier-2020\/#breadcrumb","itemListElement":[{"@type":"ListItem","position":1,"name":"Portada","item":"https:\/\/www.translanekin.eu\/fr\/"},{"@type":"ListItem","position":2,"name":"R\u00e9union de l\u2019\u00c9quipe Projet au si\u00e8ge de LANEKO, \u00e0 Hendaye, le f\u00e9vrier 2020"}]},{"@type":"WebSite","@id":"https:\/\/www.translanekin.eu\/fr\/#website","url":"https:\/\/www.translanekin.eu\/fr\/","name":"Translanekin","description":"Un proyecto para impulsar la movilidad laboral a ambos lados del Pirineo","potentialAction":[{"@type":"SearchAction","target":{"@type":"EntryPoint","urlTemplate":"https:\/\/www.translanekin.eu\/fr\/?s={search_term_string}"},"query-input":{"@type":"PropertyValueSpecification","valueRequired":true,"valueName":"search_term_string"}}],"inLanguage":"fr-FR"},{"@type":"Person","@id":"https:\/\/www.translanekin.eu\/fr\/#\/schema\/person\/bbed9d2fdda1229a2153d5e3d2c8e2e7","name":"Jorge","image":{"@type":"ImageObject","inLanguage":"fr-FR","@id":"https:\/\/secure.gravatar.com\/avatar\/b01a77720cb066737b97214e41d065b5643255f20485beab9eaadb75203b5a91?s=96&d=mm&r=g","url":"https:\/\/secure.gravatar.com\/avatar\/b01a77720cb066737b97214e41d065b5643255f20485beab9eaadb75203b5a91?s=96&d=mm&r=g","contentUrl":"https:\/\/secure.gravatar.com\/avatar\/b01a77720cb066737b97214e41d065b5643255f20485beab9eaadb75203b5a91?s=96&d=mm&r=g","caption":"Jorge"},"url":"https:\/\/www.translanekin.eu\/fr\/author\/jorge\/"}]}},"_links":{"self":[{"href":"https:\/\/www.translanekin.eu\/fr\/wp-json\/wp\/v2\/posts\/541","targetHints":{"allow":["GET"]}}],"collection":[{"href":"https:\/\/www.translanekin.eu\/fr\/wp-json\/wp\/v2\/posts"}],"about":[{"href":"https:\/\/www.translanekin.eu\/fr\/wp-json\/wp\/v2\/types\/post"}],"author":[{"embeddable":true,"href":"https:\/\/www.translanekin.eu\/fr\/wp-json\/wp\/v2\/users\/1"}],"replies":[{"embeddable":true,"href":"https:\/\/www.translanekin.eu\/fr\/wp-json\/wp\/v2\/comments?post=541"}],"version-history":[{"count":3,"href":"https:\/\/www.translanekin.eu\/fr\/wp-json\/wp\/v2\/posts\/541\/revisions"}],"predecessor-version":[{"id":1427,"href":"https:\/\/www.translanekin.eu\/fr\/wp-json\/wp\/v2\/posts\/541\/revisions\/1427"}],"wp:featuredmedia":[{"embeddable":true,"href":"https:\/\/www.translanekin.eu\/fr\/wp-json\/wp\/v2\/media\/379"}],"wp:attachment":[{"href":"https:\/\/www.translanekin.eu\/fr\/wp-json\/wp\/v2\/media?parent=541"}],"wp:term":[{"taxonomy":"category","embeddable":true,"href":"https:\/\/www.translanekin.eu\/fr\/wp-json\/wp\/v2\/categories?post=541"},{"taxonomy":"post_tag","embeddable":true,"href":"https:\/\/www.translanekin.eu\/fr\/wp-json\/wp\/v2\/tags?post=541"}],"curies":[{"name":"wp","href":"https:\/\/api.w.org\/{rel}","templated":true}]}}