{"id":1811,"date":"2022-05-19T09:52:42","date_gmt":"2022-05-19T08:52:42","guid":{"rendered":"https:\/\/www.translanekin.eu\/?p=1811"},"modified":"2022-06-15T12:08:20","modified_gmt":"2022-06-15T11:08:20","slug":"jorunee-de-cloture-du-projet-translanekin","status":"publish","type":"post","link":"https:\/\/www.translanekin.eu\/fr\/jorunee-de-cloture-du-projet-translanekin\/","title":{"rendered":"Jorun\u00e9e de cl\u00f4ture du projet Translanekin"},"content":{"rendered":"\n[et_pb_section fb_built=\u00a0\u00bb1&Prime; _builder_version=\u00a0\u00bb4.16&Prime; custom_padding=\u00a0\u00bb0px|||||\u00a0\u00bb global_colors_info=\u00a0\u00bb{}\u00a0\u00bb theme_builder_area=\u00a0\u00bbpost_content\u00a0\u00bb][et_pb_row _builder_version=\u00a0\u00bb4.16&Prime; global_colors_info=\u00a0\u00bb{}\u00a0\u00bb theme_builder_area=\u00a0\u00bbpost_content\u00a0\u00bb][et_pb_column type=\u00a0\u00bb4_4&Prime; _builder_version=\u00a0\u00bb4.16&Prime; global_colors_info=\u00a0\u00bb{}\u00a0\u00bb theme_builder_area=\u00a0\u00bbpost_content\u00a0\u00bb][et_pb_image src=\u00a0\u00bbhttps:\/\/www.translanekin.eu\/wp-content\/uploads\/2022\/06\/1655109436849.jpg\u00a0\u00bb _builder_version=\u00a0\u00bb4.17.4&Prime; custom_margin=\u00a0\u00bb-23px|||||\u00a0\u00bb hover_enabled=\u00a0\u00bb0&Prime; global_colors_info=\u00a0\u00bb{}\u00a0\u00bb theme_builder_area=\u00a0\u00bbpost_content\u00a0\u00bb title_text=\u00a0\u00bb1655109436849&Prime; sticky_enabled=\u00a0\u00bb0&Prime;][\/et_pb_image][et_pb_text _builder_version=\u00a0\u00bb4.16&Prime; global_colors_info=\u00a0\u00bb{}\u00a0\u00bb theme_builder_area=\u00a0\u00bbpost_content\u00a0\u00bb]<p>&nbsp;<\/p>\n<p>Hier se tenait la journ\u00e9e de cl\u00f4ture du projet \u00e0 Hendaye.<\/p>\n<p>Les outils d\u00e9velopp\u00e9s tout au long de celle-ci ont \u00e9t\u00e9 pr\u00e9sent\u00e9s, ainsi que les opportunit\u00e9s et les synergies pouvant \u00eatre g\u00e9n\u00e9r\u00e9es avec d&rsquo;autres projets d&#8217;emploi men\u00e9s sur le territoire du POCTEFA et avec le travail des services publics de l&#8217;emploi.<\/p>\n<p>A cet effet, des repr\u00e9sentants de l&rsquo;Euror\u00e9gion NAEN, du P\u00f4le Emploi fran\u00e7ais et du Navarro Employment Service\/Nafar Lansare ont particip\u00e9 \u00e0 la session.<\/p>\n<p>Apr\u00e8s la journ\u00e9e, la derni\u00e8re r\u00e9union de l&rsquo;\u00e9quipe de projet a eu lieu, o\u00f9 les crit\u00e8res de cl\u00f4ture et la justification finale du projet ont \u00e9t\u00e9 \u00e9tablis.<\/p>[\/et_pb_text][\/et_pb_column][\/et_pb_row][\/et_pb_section]\n","protected":false},"excerpt":{"rendered":"<p>&nbsp; Hier se tenait la journ\u00e9e de cl\u00f4ture du projet \u00e0 Hendaye. Les outils d\u00e9velopp\u00e9s tout au long de celle-ci ont \u00e9t\u00e9 pr\u00e9sent\u00e9s, ainsi que les opportunit\u00e9s et les synergies pouvant \u00eatre g\u00e9n\u00e9r\u00e9es avec d&rsquo;autres projets d&#8217;emploi men\u00e9s sur le territoire du POCTEFA et avec le travail des services publics de l&#8217;emploi. A cet effet, [&hellip;]<\/p>\n","protected":false},"author":5,"featured_media":1804,"comment_status":"closed","ping_status":"closed","sticky":false,"template":"","format":"standard","meta":{"_et_pb_use_builder":"on","_et_pb_old_content":"","_et_gb_content_width":"","footnotes":""},"categories":[22],"tags":[],"class_list":["post-1811","post","type-post","status-publish","format-standard","has-post-thumbnail","hentry","category-actions"],"yoast_head":"<!-- This site is optimized with the Yoast SEO plugin v27.5 - https:\/\/yoast.com\/product\/yoast-seo-wordpress\/ -->\n<title>Jorun\u00e9e de cl\u00f4ture du projet Translanekin - Translanekin<\/title>\n<meta name=\"robots\" content=\"index, follow, max-snippet:-1, max-image-preview:large, max-video-preview:-1\" \/>\n<link rel=\"canonical\" href=\"https:\/\/www.translanekin.eu\/fr\/jorunee-de-cloture-du-projet-translanekin\/\" \/>\n<meta property=\"og:locale\" content=\"fr_FR\" \/>\n<meta property=\"og:type\" content=\"article\" \/>\n<meta property=\"og:title\" content=\"Jorun\u00e9e de cl\u00f4ture du projet Translanekin - Translanekin\" \/>\n<meta property=\"og:description\" content=\"&nbsp; Hier se tenait la journ\u00e9e de cl\u00f4ture du projet \u00e0 Hendaye. Les outils d\u00e9velopp\u00e9s tout au long de celle-ci ont \u00e9t\u00e9 pr\u00e9sent\u00e9s, ainsi que les opportunit\u00e9s et les synergies pouvant \u00eatre g\u00e9n\u00e9r\u00e9es avec d&#039;autres projets d&#039;emploi men\u00e9s sur le territoire du POCTEFA et avec le travail des services publics de l&#039;emploi. A cet effet, [&hellip;]\" \/>\n<meta property=\"og:url\" content=\"https:\/\/www.translanekin.eu\/fr\/jorunee-de-cloture-du-projet-translanekin\/\" \/>\n<meta property=\"og:site_name\" content=\"Translanekin\" \/>\n<meta property=\"article:published_time\" content=\"2022-05-19T08:52:42+00:00\" \/>\n<meta property=\"article:modified_time\" content=\"2022-06-15T11:08:20+00:00\" \/>\n<meta property=\"og:image\" content=\"https:\/\/www.translanekin.eu\/wp-content\/uploads\/2022\/06\/1655109436849.jpg\" \/>\n\t<meta property=\"og:image:width\" content=\"1984\" \/>\n\t<meta property=\"og:image:height\" content=\"1307\" \/>\n\t<meta property=\"og:image:type\" content=\"image\/jpeg\" \/>\n<meta name=\"author\" content=\"ElsaArete\" \/>\n<meta name=\"twitter:card\" content=\"summary_large_image\" \/>\n<meta name=\"twitter:label1\" content=\"\u00c9crit par\" \/>\n\t<meta name=\"twitter:data1\" content=\"ElsaArete\" \/>\n\t<meta name=\"twitter:label2\" content=\"Dur\u00e9e de lecture estim\u00e9e\" \/>\n\t<meta name=\"twitter:data2\" content=\"1 minute\" \/>\n<script type=\"application\/ld+json\" class=\"yoast-schema-graph\">{\"@context\":\"https:\\\/\\\/schema.org\",\"@graph\":[{\"@type\":\"Article\",\"@id\":\"https:\\\/\\\/www.translanekin.eu\\\/fr\\\/jorunee-de-cloture-du-projet-translanekin\\\/#article\",\"isPartOf\":{\"@id\":\"https:\\\/\\\/www.translanekin.eu\\\/fr\\\/jorunee-de-cloture-du-projet-translanekin\\\/\"},\"author\":{\"name\":\"ElsaArete\",\"@id\":\"https:\\\/\\\/www.translanekin.eu\\\/fr\\\/#\\\/schema\\\/person\\\/916dd2dbe63b9dfd136e35770e8b0779\"},\"headline\":\"Jorun\u00e9e de cl\u00f4ture du projet Translanekin\",\"datePublished\":\"2022-05-19T08:52:42+00:00\",\"dateModified\":\"2022-06-15T11:08:20+00:00\",\"mainEntityOfPage\":{\"@id\":\"https:\\\/\\\/www.translanekin.eu\\\/fr\\\/jorunee-de-cloture-du-projet-translanekin\\\/\"},\"wordCount\":239,\"image\":{\"@id\":\"https:\\\/\\\/www.translanekin.eu\\\/fr\\\/jorunee-de-cloture-du-projet-translanekin\\\/#primaryimage\"},\"thumbnailUrl\":\"https:\\\/\\\/www.translanekin.eu\\\/wp-content\\\/uploads\\\/2022\\\/06\\\/1655109436849.jpg\",\"articleSection\":[\"actions\"],\"inLanguage\":\"fr-FR\"},{\"@type\":\"WebPage\",\"@id\":\"https:\\\/\\\/www.translanekin.eu\\\/fr\\\/jorunee-de-cloture-du-projet-translanekin\\\/\",\"url\":\"https:\\\/\\\/www.translanekin.eu\\\/fr\\\/jorunee-de-cloture-du-projet-translanekin\\\/\",\"name\":\"Jorun\u00e9e de cl\u00f4ture du projet Translanekin - Translanekin\",\"isPartOf\":{\"@id\":\"https:\\\/\\\/www.translanekin.eu\\\/fr\\\/#website\"},\"primaryImageOfPage\":{\"@id\":\"https:\\\/\\\/www.translanekin.eu\\\/fr\\\/jorunee-de-cloture-du-projet-translanekin\\\/#primaryimage\"},\"image\":{\"@id\":\"https:\\\/\\\/www.translanekin.eu\\\/fr\\\/jorunee-de-cloture-du-projet-translanekin\\\/#primaryimage\"},\"thumbnailUrl\":\"https:\\\/\\\/www.translanekin.eu\\\/wp-content\\\/uploads\\\/2022\\\/06\\\/1655109436849.jpg\",\"datePublished\":\"2022-05-19T08:52:42+00:00\",\"dateModified\":\"2022-06-15T11:08:20+00:00\",\"author\":{\"@id\":\"https:\\\/\\\/www.translanekin.eu\\\/fr\\\/#\\\/schema\\\/person\\\/916dd2dbe63b9dfd136e35770e8b0779\"},\"breadcrumb\":{\"@id\":\"https:\\\/\\\/www.translanekin.eu\\\/fr\\\/jorunee-de-cloture-du-projet-translanekin\\\/#breadcrumb\"},\"inLanguage\":\"fr-FR\",\"potentialAction\":[{\"@type\":\"ReadAction\",\"target\":[\"https:\\\/\\\/www.translanekin.eu\\\/fr\\\/jorunee-de-cloture-du-projet-translanekin\\\/\"]}]},{\"@type\":\"ImageObject\",\"inLanguage\":\"fr-FR\",\"@id\":\"https:\\\/\\\/www.translanekin.eu\\\/fr\\\/jorunee-de-cloture-du-projet-translanekin\\\/#primaryimage\",\"url\":\"https:\\\/\\\/www.translanekin.eu\\\/wp-content\\\/uploads\\\/2022\\\/06\\\/1655109436849.jpg\",\"contentUrl\":\"https:\\\/\\\/www.translanekin.eu\\\/wp-content\\\/uploads\\\/2022\\\/06\\\/1655109436849.jpg\",\"width\":1984,\"height\":1307},{\"@type\":\"BreadcrumbList\",\"@id\":\"https:\\\/\\\/www.translanekin.eu\\\/fr\\\/jorunee-de-cloture-du-projet-translanekin\\\/#breadcrumb\",\"itemListElement\":[{\"@type\":\"ListItem\",\"position\":1,\"name\":\"Portada\",\"item\":\"https:\\\/\\\/www.translanekin.eu\\\/fr\\\/\"},{\"@type\":\"ListItem\",\"position\":2,\"name\":\"Jorun\u00e9e de cl\u00f4ture du projet Translanekin\"}]},{\"@type\":\"WebSite\",\"@id\":\"https:\\\/\\\/www.translanekin.eu\\\/fr\\\/#website\",\"url\":\"https:\\\/\\\/www.translanekin.eu\\\/fr\\\/\",\"name\":\"Translanekin\",\"description\":\"Un proyecto para impulsar la movilidad laboral a ambos lados del Pirineo\",\"potentialAction\":[{\"@type\":\"SearchAction\",\"target\":{\"@type\":\"EntryPoint\",\"urlTemplate\":\"https:\\\/\\\/www.translanekin.eu\\\/fr\\\/?s={search_term_string}\"},\"query-input\":{\"@type\":\"PropertyValueSpecification\",\"valueRequired\":true,\"valueName\":\"search_term_string\"}}],\"inLanguage\":\"fr-FR\"},{\"@type\":\"Person\",\"@id\":\"https:\\\/\\\/www.translanekin.eu\\\/fr\\\/#\\\/schema\\\/person\\\/916dd2dbe63b9dfd136e35770e8b0779\",\"name\":\"ElsaArete\",\"image\":{\"@type\":\"ImageObject\",\"inLanguage\":\"fr-FR\",\"@id\":\"https:\\\/\\\/secure.gravatar.com\\\/avatar\\\/7c3b4d51277db06bbdca809564aa5b95d0e0174251aed16dba883ee4bce244fc?s=96&d=mm&r=g\",\"url\":\"https:\\\/\\\/secure.gravatar.com\\\/avatar\\\/7c3b4d51277db06bbdca809564aa5b95d0e0174251aed16dba883ee4bce244fc?s=96&d=mm&r=g\",\"contentUrl\":\"https:\\\/\\\/secure.gravatar.com\\\/avatar\\\/7c3b4d51277db06bbdca809564aa5b95d0e0174251aed16dba883ee4bce244fc?s=96&d=mm&r=g\",\"caption\":\"ElsaArete\"},\"url\":\"https:\\\/\\\/www.translanekin.eu\\\/fr\\\/author\\\/elsaarete\\\/\"}]}<\/script>\n<!-- \/ Yoast SEO plugin. -->","yoast_head_json":{"title":"Jorun\u00e9e de cl\u00f4ture du projet Translanekin - Translanekin","robots":{"index":"index","follow":"follow","max-snippet":"max-snippet:-1","max-image-preview":"max-image-preview:large","max-video-preview":"max-video-preview:-1"},"canonical":"https:\/\/www.translanekin.eu\/fr\/jorunee-de-cloture-du-projet-translanekin\/","og_locale":"fr_FR","og_type":"article","og_title":"Jorun\u00e9e de cl\u00f4ture du projet Translanekin - Translanekin","og_description":"&nbsp; Hier se tenait la journ\u00e9e de cl\u00f4ture du projet \u00e0 Hendaye. Les outils d\u00e9velopp\u00e9s tout au long de celle-ci ont \u00e9t\u00e9 pr\u00e9sent\u00e9s, ainsi que les opportunit\u00e9s et les synergies pouvant \u00eatre g\u00e9n\u00e9r\u00e9es avec d'autres projets d'emploi men\u00e9s sur le territoire du POCTEFA et avec le travail des services publics de l'emploi. A cet effet, [&hellip;]","og_url":"https:\/\/www.translanekin.eu\/fr\/jorunee-de-cloture-du-projet-translanekin\/","og_site_name":"Translanekin","article_published_time":"2022-05-19T08:52:42+00:00","article_modified_time":"2022-06-15T11:08:20+00:00","og_image":[{"width":1984,"height":1307,"url":"https:\/\/www.translanekin.eu\/wp-content\/uploads\/2022\/06\/1655109436849.jpg","type":"image\/jpeg"}],"author":"ElsaArete","twitter_card":"summary_large_image","twitter_misc":{"\u00c9crit par":"ElsaArete","Dur\u00e9e de lecture estim\u00e9e":"1 minute"},"schema":{"@context":"https:\/\/schema.org","@graph":[{"@type":"Article","@id":"https:\/\/www.translanekin.eu\/fr\/jorunee-de-cloture-du-projet-translanekin\/#article","isPartOf":{"@id":"https:\/\/www.translanekin.eu\/fr\/jorunee-de-cloture-du-projet-translanekin\/"},"author":{"name":"ElsaArete","@id":"https:\/\/www.translanekin.eu\/fr\/#\/schema\/person\/916dd2dbe63b9dfd136e35770e8b0779"},"headline":"Jorun\u00e9e de cl\u00f4ture du projet Translanekin","datePublished":"2022-05-19T08:52:42+00:00","dateModified":"2022-06-15T11:08:20+00:00","mainEntityOfPage":{"@id":"https:\/\/www.translanekin.eu\/fr\/jorunee-de-cloture-du-projet-translanekin\/"},"wordCount":239,"image":{"@id":"https:\/\/www.translanekin.eu\/fr\/jorunee-de-cloture-du-projet-translanekin\/#primaryimage"},"thumbnailUrl":"https:\/\/www.translanekin.eu\/wp-content\/uploads\/2022\/06\/1655109436849.jpg","articleSection":["actions"],"inLanguage":"fr-FR"},{"@type":"WebPage","@id":"https:\/\/www.translanekin.eu\/fr\/jorunee-de-cloture-du-projet-translanekin\/","url":"https:\/\/www.translanekin.eu\/fr\/jorunee-de-cloture-du-projet-translanekin\/","name":"Jorun\u00e9e de cl\u00f4ture du projet Translanekin - Translanekin","isPartOf":{"@id":"https:\/\/www.translanekin.eu\/fr\/#website"},"primaryImageOfPage":{"@id":"https:\/\/www.translanekin.eu\/fr\/jorunee-de-cloture-du-projet-translanekin\/#primaryimage"},"image":{"@id":"https:\/\/www.translanekin.eu\/fr\/jorunee-de-cloture-du-projet-translanekin\/#primaryimage"},"thumbnailUrl":"https:\/\/www.translanekin.eu\/wp-content\/uploads\/2022\/06\/1655109436849.jpg","datePublished":"2022-05-19T08:52:42+00:00","dateModified":"2022-06-15T11:08:20+00:00","author":{"@id":"https:\/\/www.translanekin.eu\/fr\/#\/schema\/person\/916dd2dbe63b9dfd136e35770e8b0779"},"breadcrumb":{"@id":"https:\/\/www.translanekin.eu\/fr\/jorunee-de-cloture-du-projet-translanekin\/#breadcrumb"},"inLanguage":"fr-FR","potentialAction":[{"@type":"ReadAction","target":["https:\/\/www.translanekin.eu\/fr\/jorunee-de-cloture-du-projet-translanekin\/"]}]},{"@type":"ImageObject","inLanguage":"fr-FR","@id":"https:\/\/www.translanekin.eu\/fr\/jorunee-de-cloture-du-projet-translanekin\/#primaryimage","url":"https:\/\/www.translanekin.eu\/wp-content\/uploads\/2022\/06\/1655109436849.jpg","contentUrl":"https:\/\/www.translanekin.eu\/wp-content\/uploads\/2022\/06\/1655109436849.jpg","width":1984,"height":1307},{"@type":"BreadcrumbList","@id":"https:\/\/www.translanekin.eu\/fr\/jorunee-de-cloture-du-projet-translanekin\/#breadcrumb","itemListElement":[{"@type":"ListItem","position":1,"name":"Portada","item":"https:\/\/www.translanekin.eu\/fr\/"},{"@type":"ListItem","position":2,"name":"Jorun\u00e9e de cl\u00f4ture du projet Translanekin"}]},{"@type":"WebSite","@id":"https:\/\/www.translanekin.eu\/fr\/#website","url":"https:\/\/www.translanekin.eu\/fr\/","name":"Translanekin","description":"Un proyecto para impulsar la movilidad laboral a ambos lados del Pirineo","potentialAction":[{"@type":"SearchAction","target":{"@type":"EntryPoint","urlTemplate":"https:\/\/www.translanekin.eu\/fr\/?s={search_term_string}"},"query-input":{"@type":"PropertyValueSpecification","valueRequired":true,"valueName":"search_term_string"}}],"inLanguage":"fr-FR"},{"@type":"Person","@id":"https:\/\/www.translanekin.eu\/fr\/#\/schema\/person\/916dd2dbe63b9dfd136e35770e8b0779","name":"ElsaArete","image":{"@type":"ImageObject","inLanguage":"fr-FR","@id":"https:\/\/secure.gravatar.com\/avatar\/7c3b4d51277db06bbdca809564aa5b95d0e0174251aed16dba883ee4bce244fc?s=96&d=mm&r=g","url":"https:\/\/secure.gravatar.com\/avatar\/7c3b4d51277db06bbdca809564aa5b95d0e0174251aed16dba883ee4bce244fc?s=96&d=mm&r=g","contentUrl":"https:\/\/secure.gravatar.com\/avatar\/7c3b4d51277db06bbdca809564aa5b95d0e0174251aed16dba883ee4bce244fc?s=96&d=mm&r=g","caption":"ElsaArete"},"url":"https:\/\/www.translanekin.eu\/fr\/author\/elsaarete\/"}]}},"_links":{"self":[{"href":"https:\/\/www.translanekin.eu\/fr\/wp-json\/wp\/v2\/posts\/1811","targetHints":{"allow":["GET"]}}],"collection":[{"href":"https:\/\/www.translanekin.eu\/fr\/wp-json\/wp\/v2\/posts"}],"about":[{"href":"https:\/\/www.translanekin.eu\/fr\/wp-json\/wp\/v2\/types\/post"}],"author":[{"embeddable":true,"href":"https:\/\/www.translanekin.eu\/fr\/wp-json\/wp\/v2\/users\/5"}],"replies":[{"embeddable":true,"href":"https:\/\/www.translanekin.eu\/fr\/wp-json\/wp\/v2\/comments?post=1811"}],"version-history":[{"count":4,"href":"https:\/\/www.translanekin.eu\/fr\/wp-json\/wp\/v2\/posts\/1811\/revisions"}],"predecessor-version":[{"id":1815,"href":"https:\/\/www.translanekin.eu\/fr\/wp-json\/wp\/v2\/posts\/1811\/revisions\/1815"}],"wp:featuredmedia":[{"embeddable":true,"href":"https:\/\/www.translanekin.eu\/fr\/wp-json\/wp\/v2\/media\/1804"}],"wp:attachment":[{"href":"https:\/\/www.translanekin.eu\/fr\/wp-json\/wp\/v2\/media?parent=1811"}],"wp:term":[{"taxonomy":"category","embeddable":true,"href":"https:\/\/www.translanekin.eu\/fr\/wp-json\/wp\/v2\/categories?post=1811"},{"taxonomy":"post_tag","embeddable":true,"href":"https:\/\/www.translanekin.eu\/fr\/wp-json\/wp\/v2\/tags?post=1811"}],"curies":[{"name":"wp","href":"https:\/\/api.w.org\/{rel}","templated":true}]}}