{"id":1691,"date":"2022-01-17T08:08:58","date_gmt":"2022-01-17T07:08:58","guid":{"rendered":"https:\/\/www.translanekin.eu\/?p=1691"},"modified":"2022-01-20T08:09:15","modified_gmt":"2022-01-20T07:09:15","slug":"reunion-de-lequipe-de-travail-le-17-janvier-2022","status":"publish","type":"post","link":"https:\/\/www.translanekin.eu\/fr\/reunion-de-lequipe-de-travail-le-17-janvier-2022\/","title":{"rendered":"R\u00e9union de l&rsquo;\u00e9quipe de travail le 17 janvier 2022"},"content":{"rendered":"<p>[et_pb_section fb_built=\u00a0\u00bb1&Prime; _builder_version=\u00a0\u00bb4.4.3&Prime; custom_padding=\u00a0\u00bb0px|||||\u00a0\u00bb global_colors_info=\u00a0\u00bb{}\u00a0\u00bb theme_builder_area=\u00a0\u00bbpost_content\u00a0\u00bb][et_pb_row _builder_version=\u00a0\u00bb4.4.3&Prime; global_colors_info=\u00a0\u00bb{}\u00a0\u00bb theme_builder_area=\u00a0\u00bbpost_content\u00a0\u00bb][et_pb_column type=\u00a0\u00bb4_4&Prime; _builder_version=\u00a0\u00bb4.4.3&Prime; global_colors_info=\u00a0\u00bb{}\u00a0\u00bb theme_builder_area=\u00a0\u00bbpost_content\u00a0\u00bb][et_pb_image src=\u00a0\u00bbhttps:\/\/www.translanekin.eu\/wp-content\/uploads\/2022\/01\/unnamed.jpeg\u00a0\u00bb title_text=\u00a0\u00bbunnamed\u00a0\u00bb _builder_version=\u00a0\u00bb4.12.1&Prime; custom_margin=\u00a0\u00bb-23px|||||\u00a0\u00bb hover_enabled=\u00a0\u00bb0&Prime; global_colors_info=\u00a0\u00bb{}\u00a0\u00bb theme_builder_area=\u00a0\u00bbpost_content\u00a0\u00bb sticky_enabled=\u00a0\u00bb0&Prime;][\/et_pb_image][et_pb_text _builder_version=\u00a0\u00bb4.4.3&Prime; global_colors_info=\u00a0\u00bb{}\u00a0\u00bb theme_builder_area=\u00a0\u00bbpost_content\u00a0\u00bb]<\/p>\n<p style=\"font-weight: 400;\">Le 17 janvier dernier, l&rsquo;\u00e9quipe du projet Translanekin \u00a0s\u2019est r\u00e9unie avec Silvia Fern\u00e1ndez, secr\u00e9taire technique du CTP, pour partager la modification du budget des entit\u00e9s partenaires.<\/p>\n<p style=\"font-weight: 400;\">Ensuite, nous avons discut\u00e9 et programm\u00e9 les prochaines dates pour concevoir la proposition du contenu p\u00e9dagogique des 3 MOOC pr\u00e9vus dans le cadre du projet afin de pouvoir ensuite proc\u00e9der au d\u00e9veloppement technique.<\/p>\n<p>&nbsp;<\/p>\n<p>&nbsp;<\/p>\n<p>&nbsp;<\/p>\n<p>&nbsp;<\/p>\n<p>&nbsp;<\/p>\n<p>&nbsp;<\/p>\n<p>&nbsp;<\/p>\n<p>&nbsp;<\/p>\n<p>&nbsp;<\/p>\n<p>&nbsp;<\/p>\n<p>&nbsp;<\/p>\n<p>&nbsp;<\/p>\n<p>&nbsp;<\/p>\n<p>&nbsp;<\/p>\n<p>&nbsp;<\/p>\n<p>&nbsp;<\/p>\n<p>&nbsp;<\/p>\n<p>&nbsp;<\/p>\n<p>&nbsp;<\/p>\n<p>&nbsp;<\/p>\n<p>&nbsp;<\/p>\n<p>&nbsp;<\/p>\n<p>&nbsp;<\/p>\n<p>&nbsp;<\/p>\n<p>&nbsp;<\/p>\n<p>&nbsp;<\/p>\n<p>&nbsp;<\/p>\n<p>&nbsp;<\/p>\n<p>&nbsp;<\/p>\n<p>&nbsp;<\/p>\n<p>&nbsp;<\/p>\n<p>&nbsp;<\/p>\n<p>&nbsp;<\/p>\n<p>&nbsp;<\/p>\n<p>&nbsp;<\/p>\n<p>&nbsp;<\/p>\n<p>&nbsp;<\/p>\n<p>&nbsp;<\/p>\n<p>&nbsp;<\/p>\n<p>&nbsp;<\/p>\n<p>&nbsp;<\/p>\n<p>&nbsp;<\/p>\n<p>[\/et_pb_text][\/et_pb_column][\/et_pb_row][\/et_pb_section]<\/p>\n","protected":false},"excerpt":{"rendered":"<p>Le 17 janvier dernier, l&rsquo;\u00e9quipe du projet Translanekin \u00a0s\u2019est r\u00e9unie avec Silvia Fern\u00e1ndez, secr\u00e9taire technique du CTP, pour partager la modification du budget des entit\u00e9s partenaires. Ensuite, nous avons discut\u00e9 et programm\u00e9 les prochaines dates pour concevoir la proposition du contenu p\u00e9dagogique des 3 MOOC pr\u00e9vus dans le cadre du projet afin de pouvoir ensuite [&hellip;]<\/p>\n","protected":false},"author":5,"featured_media":1687,"comment_status":"closed","ping_status":"closed","sticky":false,"template":"","format":"standard","meta":{"_et_pb_use_builder":"on","_et_pb_old_content":"","_et_gb_content_width":"","footnotes":""},"categories":[22],"tags":[],"class_list":["post-1691","post","type-post","status-publish","format-standard","has-post-thumbnail","hentry","category-actions"],"yoast_head":"<!-- This site is optimized with the Yoast SEO plugin v27.5 - https:\/\/yoast.com\/product\/yoast-seo-wordpress\/ -->\n<title>R\u00e9union de l&#039;\u00e9quipe de travail le 17 janvier 2022 - Translanekin<\/title>\n<meta name=\"robots\" content=\"index, follow, max-snippet:-1, max-image-preview:large, max-video-preview:-1\" \/>\n<link rel=\"canonical\" href=\"https:\/\/www.translanekin.eu\/fr\/reunion-de-lequipe-de-travail-le-17-janvier-2022\/\" \/>\n<meta property=\"og:locale\" content=\"fr_FR\" \/>\n<meta property=\"og:type\" content=\"article\" \/>\n<meta property=\"og:title\" content=\"R\u00e9union de l&#039;\u00e9quipe de travail le 17 janvier 2022 - Translanekin\" \/>\n<meta property=\"og:description\" content=\"Le 17 janvier dernier, l&#039;\u00e9quipe du projet Translanekin \u00a0s\u2019est r\u00e9unie avec Silvia Fern\u00e1ndez, secr\u00e9taire technique du CTP, pour partager la modification du budget des entit\u00e9s partenaires. Ensuite, nous avons discut\u00e9 et programm\u00e9 les prochaines dates pour concevoir la proposition du contenu p\u00e9dagogique des 3 MOOC pr\u00e9vus dans le cadre du projet afin de pouvoir ensuite [&hellip;]\" \/>\n<meta property=\"og:url\" content=\"https:\/\/www.translanekin.eu\/fr\/reunion-de-lequipe-de-travail-le-17-janvier-2022\/\" \/>\n<meta property=\"og:site_name\" content=\"Translanekin\" \/>\n<meta property=\"article:published_time\" content=\"2022-01-17T07:08:58+00:00\" \/>\n<meta property=\"article:modified_time\" content=\"2022-01-20T07:09:15+00:00\" \/>\n<meta property=\"og:image\" content=\"https:\/\/www.translanekin.eu\/wp-content\/uploads\/2022\/01\/unnamed.jpeg\" \/>\n\t<meta property=\"og:image:width\" content=\"813\" \/>\n\t<meta property=\"og:image:height\" content=\"483\" \/>\n\t<meta property=\"og:image:type\" content=\"image\/jpeg\" \/>\n<meta name=\"author\" content=\"ElsaArete\" \/>\n<meta name=\"twitter:card\" content=\"summary_large_image\" \/>\n<meta name=\"twitter:label1\" content=\"\u00c9crit par\" \/>\n\t<meta name=\"twitter:data1\" content=\"ElsaArete\" \/>\n<script type=\"application\/ld+json\" class=\"yoast-schema-graph\">{\"@context\":\"https:\\\/\\\/schema.org\",\"@graph\":[{\"@type\":\"Article\",\"@id\":\"https:\\\/\\\/www.translanekin.eu\\\/fr\\\/reunion-de-lequipe-de-travail-le-17-janvier-2022\\\/#article\",\"isPartOf\":{\"@id\":\"https:\\\/\\\/www.translanekin.eu\\\/fr\\\/reunion-de-lequipe-de-travail-le-17-janvier-2022\\\/\"},\"author\":{\"name\":\"ElsaArete\",\"@id\":\"https:\\\/\\\/www.translanekin.eu\\\/fr\\\/#\\\/schema\\\/person\\\/916dd2dbe63b9dfd136e35770e8b0779\"},\"headline\":\"R\u00e9union de l&rsquo;\u00e9quipe de travail le 17 janvier 2022\",\"datePublished\":\"2022-01-17T07:08:58+00:00\",\"dateModified\":\"2022-01-20T07:09:15+00:00\",\"mainEntityOfPage\":{\"@id\":\"https:\\\/\\\/www.translanekin.eu\\\/fr\\\/reunion-de-lequipe-de-travail-le-17-janvier-2022\\\/\"},\"wordCount\":224,\"image\":{\"@id\":\"https:\\\/\\\/www.translanekin.eu\\\/fr\\\/reunion-de-lequipe-de-travail-le-17-janvier-2022\\\/#primaryimage\"},\"thumbnailUrl\":\"https:\\\/\\\/www.translanekin.eu\\\/wp-content\\\/uploads\\\/2022\\\/01\\\/unnamed.jpeg\",\"articleSection\":[\"actions\"],\"inLanguage\":\"fr-FR\"},{\"@type\":\"WebPage\",\"@id\":\"https:\\\/\\\/www.translanekin.eu\\\/fr\\\/reunion-de-lequipe-de-travail-le-17-janvier-2022\\\/\",\"url\":\"https:\\\/\\\/www.translanekin.eu\\\/fr\\\/reunion-de-lequipe-de-travail-le-17-janvier-2022\\\/\",\"name\":\"R\u00e9union de l'\u00e9quipe de travail le 17 janvier 2022 - Translanekin\",\"isPartOf\":{\"@id\":\"https:\\\/\\\/www.translanekin.eu\\\/fr\\\/#website\"},\"primaryImageOfPage\":{\"@id\":\"https:\\\/\\\/www.translanekin.eu\\\/fr\\\/reunion-de-lequipe-de-travail-le-17-janvier-2022\\\/#primaryimage\"},\"image\":{\"@id\":\"https:\\\/\\\/www.translanekin.eu\\\/fr\\\/reunion-de-lequipe-de-travail-le-17-janvier-2022\\\/#primaryimage\"},\"thumbnailUrl\":\"https:\\\/\\\/www.translanekin.eu\\\/wp-content\\\/uploads\\\/2022\\\/01\\\/unnamed.jpeg\",\"datePublished\":\"2022-01-17T07:08:58+00:00\",\"dateModified\":\"2022-01-20T07:09:15+00:00\",\"author\":{\"@id\":\"https:\\\/\\\/www.translanekin.eu\\\/fr\\\/#\\\/schema\\\/person\\\/916dd2dbe63b9dfd136e35770e8b0779\"},\"breadcrumb\":{\"@id\":\"https:\\\/\\\/www.translanekin.eu\\\/fr\\\/reunion-de-lequipe-de-travail-le-17-janvier-2022\\\/#breadcrumb\"},\"inLanguage\":\"fr-FR\",\"potentialAction\":[{\"@type\":\"ReadAction\",\"target\":[\"https:\\\/\\\/www.translanekin.eu\\\/fr\\\/reunion-de-lequipe-de-travail-le-17-janvier-2022\\\/\"]}]},{\"@type\":\"ImageObject\",\"inLanguage\":\"fr-FR\",\"@id\":\"https:\\\/\\\/www.translanekin.eu\\\/fr\\\/reunion-de-lequipe-de-travail-le-17-janvier-2022\\\/#primaryimage\",\"url\":\"https:\\\/\\\/www.translanekin.eu\\\/wp-content\\\/uploads\\\/2022\\\/01\\\/unnamed.jpeg\",\"contentUrl\":\"https:\\\/\\\/www.translanekin.eu\\\/wp-content\\\/uploads\\\/2022\\\/01\\\/unnamed.jpeg\",\"width\":813,\"height\":483},{\"@type\":\"BreadcrumbList\",\"@id\":\"https:\\\/\\\/www.translanekin.eu\\\/fr\\\/reunion-de-lequipe-de-travail-le-17-janvier-2022\\\/#breadcrumb\",\"itemListElement\":[{\"@type\":\"ListItem\",\"position\":1,\"name\":\"Portada\",\"item\":\"https:\\\/\\\/www.translanekin.eu\\\/fr\\\/\"},{\"@type\":\"ListItem\",\"position\":2,\"name\":\"R\u00e9union de l&rsquo;\u00e9quipe de travail le 17 janvier 2022\"}]},{\"@type\":\"WebSite\",\"@id\":\"https:\\\/\\\/www.translanekin.eu\\\/fr\\\/#website\",\"url\":\"https:\\\/\\\/www.translanekin.eu\\\/fr\\\/\",\"name\":\"Translanekin\",\"description\":\"Un proyecto para impulsar la movilidad laboral a ambos lados del Pirineo\",\"potentialAction\":[{\"@type\":\"SearchAction\",\"target\":{\"@type\":\"EntryPoint\",\"urlTemplate\":\"https:\\\/\\\/www.translanekin.eu\\\/fr\\\/?s={search_term_string}\"},\"query-input\":{\"@type\":\"PropertyValueSpecification\",\"valueRequired\":true,\"valueName\":\"search_term_string\"}}],\"inLanguage\":\"fr-FR\"},{\"@type\":\"Person\",\"@id\":\"https:\\\/\\\/www.translanekin.eu\\\/fr\\\/#\\\/schema\\\/person\\\/916dd2dbe63b9dfd136e35770e8b0779\",\"name\":\"ElsaArete\",\"image\":{\"@type\":\"ImageObject\",\"inLanguage\":\"fr-FR\",\"@id\":\"https:\\\/\\\/secure.gravatar.com\\\/avatar\\\/7c3b4d51277db06bbdca809564aa5b95d0e0174251aed16dba883ee4bce244fc?s=96&d=mm&r=g\",\"url\":\"https:\\\/\\\/secure.gravatar.com\\\/avatar\\\/7c3b4d51277db06bbdca809564aa5b95d0e0174251aed16dba883ee4bce244fc?s=96&d=mm&r=g\",\"contentUrl\":\"https:\\\/\\\/secure.gravatar.com\\\/avatar\\\/7c3b4d51277db06bbdca809564aa5b95d0e0174251aed16dba883ee4bce244fc?s=96&d=mm&r=g\",\"caption\":\"ElsaArete\"},\"url\":\"https:\\\/\\\/www.translanekin.eu\\\/fr\\\/author\\\/elsaarete\\\/\"}]}<\/script>\n<!-- \/ Yoast SEO plugin. -->","yoast_head_json":{"title":"R\u00e9union de l'\u00e9quipe de travail le 17 janvier 2022 - Translanekin","robots":{"index":"index","follow":"follow","max-snippet":"max-snippet:-1","max-image-preview":"max-image-preview:large","max-video-preview":"max-video-preview:-1"},"canonical":"https:\/\/www.translanekin.eu\/fr\/reunion-de-lequipe-de-travail-le-17-janvier-2022\/","og_locale":"fr_FR","og_type":"article","og_title":"R\u00e9union de l'\u00e9quipe de travail le 17 janvier 2022 - Translanekin","og_description":"Le 17 janvier dernier, l'\u00e9quipe du projet Translanekin \u00a0s\u2019est r\u00e9unie avec Silvia Fern\u00e1ndez, secr\u00e9taire technique du CTP, pour partager la modification du budget des entit\u00e9s partenaires. Ensuite, nous avons discut\u00e9 et programm\u00e9 les prochaines dates pour concevoir la proposition du contenu p\u00e9dagogique des 3 MOOC pr\u00e9vus dans le cadre du projet afin de pouvoir ensuite [&hellip;]","og_url":"https:\/\/www.translanekin.eu\/fr\/reunion-de-lequipe-de-travail-le-17-janvier-2022\/","og_site_name":"Translanekin","article_published_time":"2022-01-17T07:08:58+00:00","article_modified_time":"2022-01-20T07:09:15+00:00","og_image":[{"width":813,"height":483,"url":"https:\/\/www.translanekin.eu\/wp-content\/uploads\/2022\/01\/unnamed.jpeg","type":"image\/jpeg"}],"author":"ElsaArete","twitter_card":"summary_large_image","twitter_misc":{"\u00c9crit par":"ElsaArete"},"schema":{"@context":"https:\/\/schema.org","@graph":[{"@type":"Article","@id":"https:\/\/www.translanekin.eu\/fr\/reunion-de-lequipe-de-travail-le-17-janvier-2022\/#article","isPartOf":{"@id":"https:\/\/www.translanekin.eu\/fr\/reunion-de-lequipe-de-travail-le-17-janvier-2022\/"},"author":{"name":"ElsaArete","@id":"https:\/\/www.translanekin.eu\/fr\/#\/schema\/person\/916dd2dbe63b9dfd136e35770e8b0779"},"headline":"R\u00e9union de l&rsquo;\u00e9quipe de travail le 17 janvier 2022","datePublished":"2022-01-17T07:08:58+00:00","dateModified":"2022-01-20T07:09:15+00:00","mainEntityOfPage":{"@id":"https:\/\/www.translanekin.eu\/fr\/reunion-de-lequipe-de-travail-le-17-janvier-2022\/"},"wordCount":224,"image":{"@id":"https:\/\/www.translanekin.eu\/fr\/reunion-de-lequipe-de-travail-le-17-janvier-2022\/#primaryimage"},"thumbnailUrl":"https:\/\/www.translanekin.eu\/wp-content\/uploads\/2022\/01\/unnamed.jpeg","articleSection":["actions"],"inLanguage":"fr-FR"},{"@type":"WebPage","@id":"https:\/\/www.translanekin.eu\/fr\/reunion-de-lequipe-de-travail-le-17-janvier-2022\/","url":"https:\/\/www.translanekin.eu\/fr\/reunion-de-lequipe-de-travail-le-17-janvier-2022\/","name":"R\u00e9union de l'\u00e9quipe de travail le 17 janvier 2022 - Translanekin","isPartOf":{"@id":"https:\/\/www.translanekin.eu\/fr\/#website"},"primaryImageOfPage":{"@id":"https:\/\/www.translanekin.eu\/fr\/reunion-de-lequipe-de-travail-le-17-janvier-2022\/#primaryimage"},"image":{"@id":"https:\/\/www.translanekin.eu\/fr\/reunion-de-lequipe-de-travail-le-17-janvier-2022\/#primaryimage"},"thumbnailUrl":"https:\/\/www.translanekin.eu\/wp-content\/uploads\/2022\/01\/unnamed.jpeg","datePublished":"2022-01-17T07:08:58+00:00","dateModified":"2022-01-20T07:09:15+00:00","author":{"@id":"https:\/\/www.translanekin.eu\/fr\/#\/schema\/person\/916dd2dbe63b9dfd136e35770e8b0779"},"breadcrumb":{"@id":"https:\/\/www.translanekin.eu\/fr\/reunion-de-lequipe-de-travail-le-17-janvier-2022\/#breadcrumb"},"inLanguage":"fr-FR","potentialAction":[{"@type":"ReadAction","target":["https:\/\/www.translanekin.eu\/fr\/reunion-de-lequipe-de-travail-le-17-janvier-2022\/"]}]},{"@type":"ImageObject","inLanguage":"fr-FR","@id":"https:\/\/www.translanekin.eu\/fr\/reunion-de-lequipe-de-travail-le-17-janvier-2022\/#primaryimage","url":"https:\/\/www.translanekin.eu\/wp-content\/uploads\/2022\/01\/unnamed.jpeg","contentUrl":"https:\/\/www.translanekin.eu\/wp-content\/uploads\/2022\/01\/unnamed.jpeg","width":813,"height":483},{"@type":"BreadcrumbList","@id":"https:\/\/www.translanekin.eu\/fr\/reunion-de-lequipe-de-travail-le-17-janvier-2022\/#breadcrumb","itemListElement":[{"@type":"ListItem","position":1,"name":"Portada","item":"https:\/\/www.translanekin.eu\/fr\/"},{"@type":"ListItem","position":2,"name":"R\u00e9union de l&rsquo;\u00e9quipe de travail le 17 janvier 2022"}]},{"@type":"WebSite","@id":"https:\/\/www.translanekin.eu\/fr\/#website","url":"https:\/\/www.translanekin.eu\/fr\/","name":"Translanekin","description":"Un proyecto para impulsar la movilidad laboral a ambos lados del Pirineo","potentialAction":[{"@type":"SearchAction","target":{"@type":"EntryPoint","urlTemplate":"https:\/\/www.translanekin.eu\/fr\/?s={search_term_string}"},"query-input":{"@type":"PropertyValueSpecification","valueRequired":true,"valueName":"search_term_string"}}],"inLanguage":"fr-FR"},{"@type":"Person","@id":"https:\/\/www.translanekin.eu\/fr\/#\/schema\/person\/916dd2dbe63b9dfd136e35770e8b0779","name":"ElsaArete","image":{"@type":"ImageObject","inLanguage":"fr-FR","@id":"https:\/\/secure.gravatar.com\/avatar\/7c3b4d51277db06bbdca809564aa5b95d0e0174251aed16dba883ee4bce244fc?s=96&d=mm&r=g","url":"https:\/\/secure.gravatar.com\/avatar\/7c3b4d51277db06bbdca809564aa5b95d0e0174251aed16dba883ee4bce244fc?s=96&d=mm&r=g","contentUrl":"https:\/\/secure.gravatar.com\/avatar\/7c3b4d51277db06bbdca809564aa5b95d0e0174251aed16dba883ee4bce244fc?s=96&d=mm&r=g","caption":"ElsaArete"},"url":"https:\/\/www.translanekin.eu\/fr\/author\/elsaarete\/"}]}},"_links":{"self":[{"href":"https:\/\/www.translanekin.eu\/fr\/wp-json\/wp\/v2\/posts\/1691","targetHints":{"allow":["GET"]}}],"collection":[{"href":"https:\/\/www.translanekin.eu\/fr\/wp-json\/wp\/v2\/posts"}],"about":[{"href":"https:\/\/www.translanekin.eu\/fr\/wp-json\/wp\/v2\/types\/post"}],"author":[{"embeddable":true,"href":"https:\/\/www.translanekin.eu\/fr\/wp-json\/wp\/v2\/users\/5"}],"replies":[{"embeddable":true,"href":"https:\/\/www.translanekin.eu\/fr\/wp-json\/wp\/v2\/comments?post=1691"}],"version-history":[{"count":2,"href":"https:\/\/www.translanekin.eu\/fr\/wp-json\/wp\/v2\/posts\/1691\/revisions"}],"predecessor-version":[{"id":1693,"href":"https:\/\/www.translanekin.eu\/fr\/wp-json\/wp\/v2\/posts\/1691\/revisions\/1693"}],"wp:featuredmedia":[{"embeddable":true,"href":"https:\/\/www.translanekin.eu\/fr\/wp-json\/wp\/v2\/media\/1687"}],"wp:attachment":[{"href":"https:\/\/www.translanekin.eu\/fr\/wp-json\/wp\/v2\/media?parent=1691"}],"wp:term":[{"taxonomy":"category","embeddable":true,"href":"https:\/\/www.translanekin.eu\/fr\/wp-json\/wp\/v2\/categories?post=1691"},{"taxonomy":"post_tag","embeddable":true,"href":"https:\/\/www.translanekin.eu\/fr\/wp-json\/wp\/v2\/tags?post=1691"}],"curies":[{"name":"wp","href":"https:\/\/api.w.org\/{rel}","templated":true}]}}