{"id":1620,"date":"2021-10-26T19:04:16","date_gmt":"2021-10-26T18:04:16","guid":{"rendered":"https:\/\/www.translanekin.eu\/?p=1620"},"modified":"2021-11-22T19:04:55","modified_gmt":"2021-11-22T18:04:55","slug":"evenement-final-des-projets-poctefa-navarrefa","status":"publish","type":"post","link":"https:\/\/www.translanekin.eu\/fr\/evenement-final-des-projets-poctefa-navarrefa\/","title":{"rendered":"\u00c9v\u00e9nement final des projets POCTEFA (NAVARREFA)"},"content":{"rendered":"\n[et_pb_section fb_built=\u00a0\u00bb1&Prime; _builder_version=\u00a0\u00bb4.4.3&Prime; custom_padding=\u00a0\u00bb0px|||||\u00a0\u00bb global_colors_info=\u00a0\u00bb{}\u00a0\u00bb theme_builder_area=\u00a0\u00bbpost_content\u00a0\u00bb][et_pb_row _builder_version=\u00a0\u00bb4.4.3&Prime; global_colors_info=\u00a0\u00bb{}\u00a0\u00bb theme_builder_area=\u00a0\u00bbpost_content\u00a0\u00bb][et_pb_column type=\u00a0\u00bb4_4&Prime; _builder_version=\u00a0\u00bb4.4.3&Prime; global_colors_info=\u00a0\u00bb{}\u00a0\u00bb theme_builder_area=\u00a0\u00bbpost_content\u00a0\u00bb][et_pb_image src=\u00a0\u00bbhttps:\/\/www.translanekin.eu\/wp-content\/uploads\/2021\/11\/Collage-navarrefa.jpg\u00a0\u00bb title_text=\u00a0\u00bbCollage navarrefa\u00a0\u00bb _builder_version=\u00a0\u00bb4.12.1&Prime; custom_margin=\u00a0\u00bb-23px|||||\u00a0\u00bb hover_enabled=\u00a0\u00bb0&Prime; global_colors_info=\u00a0\u00bb{}\u00a0\u00bb theme_builder_area=\u00a0\u00bbpost_content\u00a0\u00bb sticky_enabled=\u00a0\u00bb0&Prime;][\/et_pb_image][et_pb_text _builder_version=\u00a0\u00bb4.4.3&Prime; global_colors_info=\u00a0\u00bb{}\u00a0\u00bb theme_builder_area=\u00a0\u00bbpost_content\u00a0\u00bb]<p>Les 28 et 29 octobre derniers, les partenaires du projet TRANSLANEKIN ont particip\u00e9 \u00e0 l&rsquo;\u00e9v\u00e9nement final des projets POCTEFA avec des partenaires de Navarre (NAVARREFA) qui s&rsquo;est tenu au Palais des Congr\u00e8s Baluarte (\u00e0 Pampelune).<\/p>\n<p>Lors du premier jour de l&rsquo;\u00e9v\u00e9nement, nous avons pu \u00e9couter des autorit\u00e9s telles que Slawomir Tokarski, directeur g\u00e9n\u00e9ral de la politique r\u00e9gionale et urbaine de la Commission europ\u00e9enne, Carmen Hern\u00e1ndez, directrice g\u00e9n\u00e9rale adjointe de la coop\u00e9ration territoriale europ\u00e9enne du minist\u00e8re des finances et de la fonction publique, ainsi que d&rsquo;autres autorit\u00e9s qui se sont exprim\u00e9es lors de la table ronde sur la \u00ab\u00a0Coop\u00e9ration transfrontali\u00e8re sur la Conf\u00e9rence sur l&rsquo;avenir de l&rsquo;Europe\u00a0\u00bb.<\/p>\n<p>Pendant ces conf\u00e9rences, nous avons pris connaissance du bilan des projets pr\u00e9sent\u00e9s au pr\u00e9c\u00e9dent appel POCTEFA ainsi que les axes tendanciels sur lesquels s&rsquo;appuiera le prochain appel.<\/p>\n<p>Ensuite, nous avons visit\u00e9 tous les stands organis\u00e9s par les axes du programme POCTEFA 2014-2020. TRANSLANEKIN avait son propre espace, o\u00f9 nous avons accueilli toutes les personnes qui ont montr\u00e9 un int\u00e9r\u00eat \u00e0 conna\u00eetre les objectifs et les actions de notre projet.<\/p>\n<p>Apr\u00e8s la visite du parc des expositions, on a pu assister \u00e0 la pr\u00e9sentation de 3 projets POCTEFA\u00a0: Navarrabiomed, l&rsquo;Association h\u00f4teli\u00e8re et touristique de Navarre, part la Mairie de Pampelune.<\/p>\n<p>Pour cl\u00f4turer cette premi\u00e8re journ\u00e9e, un d\u00e9bat a \u00e9t\u00e9 organis\u00e9 avec la participation de Pilar Maza, coordinatrice du secr\u00e9tariat conjoint POCTEFA et Pello Pellejero, directeur du service de coop\u00e9ration interr\u00e9gionale et de citoyennet\u00e9 \u00e9trang\u00e8re du gouvernement de Navarre.<\/p>\n<p>Le deuxi\u00e8me jour de l&rsquo;\u00e9v\u00e9nement, les partenaires du projet POCTEFA 2014-2020 ont pris la parole. TRANSLANEKIN et 69 autres projets ont \u00e9t\u00e9 pr\u00e9sent\u00e9s en 3 minutes maximum dans l&rsquo;espace Pitching &amp; showcasing.<\/p>\n<p>En parall\u00e8le, Marina Roncal, Chef de la section Coop\u00e9ration interr\u00e9gionale et transfrontali\u00e8re a partag\u00e9 7 conseils pour r\u00e9aliser un bon projet transfrontalier. Cristina Igoa, responsable de la communication du programme POCTEFA, a partag\u00e9 7 conseils pour une meilleure communication. Emilio Lezana, directeur g\u00e9n\u00e9ral de la Fundaci\u00f3n Laboral de la Construcci\u00f3n, a partag\u00e9 7 conseils pour la r\u00e9solution des conflits dans les projets. Et Joel Dozzi, coordinateur technique de LIGE-IP, a partag\u00e9 7 conseils pour mieux se comprendre.<\/p>\n<p>Sans aucun doute cela a \u00e9t\u00e9 une journ\u00e9e r\u00e9ussie qui a permis connaitre les partenaires de diff\u00e9rents projets, l&rsquo;\u00e9change d&rsquo;id\u00e9es, la participation et la visibilit\u00e9.<\/p>\n<p>&nbsp;<\/p>\n<p>&nbsp;<\/p>\n<p>&nbsp;<\/p>\n<p>&nbsp;<\/p>\n<p>&nbsp;<\/p>\n<p>&nbsp;<\/p>\n<p>&nbsp;<\/p>\n<p>&nbsp;<\/p>\n<p>&nbsp;<\/p>\n<p>&nbsp;<\/p>\n<p>&nbsp;<\/p>\n<p>&nbsp;<\/p>\n<p>&nbsp;<\/p>\n<p>&nbsp;<\/p>\n<p>&nbsp;<\/p>\n<p>&nbsp;<\/p>\n<p>&nbsp;<\/p>\n<p>&nbsp;<\/p>\n<p>&nbsp;<\/p>\n<p>&nbsp;<\/p>\n<p>&nbsp;<\/p>\n<p>&nbsp;<\/p>\n<p>&nbsp;<\/p>\n<p>&nbsp;<\/p>\n<p>&nbsp;<\/p>\n<p>&nbsp;<\/p>\n<p>&nbsp;<\/p>\n<p>&nbsp;<\/p>\n<p>&nbsp;<\/p>\n<p>&nbsp;<\/p>\n<p>&nbsp;<\/p>\n<p>&nbsp;<\/p>\n<p>&nbsp;<\/p>\n<p>&nbsp;<\/p>\n<p>&nbsp;<\/p>\n<p>&nbsp;<\/p>\n<p>&nbsp;<\/p>\n<p>&nbsp;<\/p>\n<p>&nbsp;<\/p>\n<p>&nbsp;<\/p>\n<p>&nbsp;<\/p>\n<p>&nbsp;<\/p>[\/et_pb_text][\/et_pb_column][\/et_pb_row][\/et_pb_section]\n","protected":false},"excerpt":{"rendered":"<p>Les 28 et 29 octobre derniers, les partenaires du projet TRANSLANEKIN ont particip\u00e9 \u00e0 l&rsquo;\u00e9v\u00e9nement final des projets POCTEFA avec des partenaires de Navarre (NAVARREFA) qui s&rsquo;est tenu au Palais des Congr\u00e8s Baluarte (\u00e0 Pampelune). Lors du premier jour de l&rsquo;\u00e9v\u00e9nement, nous avons pu \u00e9couter des autorit\u00e9s telles que Slawomir Tokarski, directeur g\u00e9n\u00e9ral de la [&hellip;]<\/p>\n","protected":false},"author":5,"featured_media":1617,"comment_status":"closed","ping_status":"closed","sticky":false,"template":"","format":"standard","meta":{"_et_pb_use_builder":"on","_et_pb_old_content":"","_et_gb_content_width":"","footnotes":""},"categories":[22],"tags":[],"class_list":["post-1620","post","type-post","status-publish","format-standard","has-post-thumbnail","hentry","category-actions"],"yoast_head":"<!-- This site is optimized with the Yoast SEO plugin v27.5 - https:\/\/yoast.com\/product\/yoast-seo-wordpress\/ -->\n<title>\u00c9v\u00e9nement final des projets POCTEFA (NAVARREFA) - Translanekin<\/title>\n<meta name=\"robots\" content=\"index, follow, max-snippet:-1, max-image-preview:large, max-video-preview:-1\" \/>\n<link rel=\"canonical\" href=\"https:\/\/www.translanekin.eu\/fr\/evenement-final-des-projets-poctefa-navarrefa\/\" \/>\n<meta property=\"og:locale\" content=\"fr_FR\" \/>\n<meta property=\"og:type\" content=\"article\" \/>\n<meta property=\"og:title\" content=\"\u00c9v\u00e9nement final des projets POCTEFA (NAVARREFA) - Translanekin\" \/>\n<meta property=\"og:description\" content=\"Les 28 et 29 octobre derniers, les partenaires du projet TRANSLANEKIN ont particip\u00e9 \u00e0 l&#039;\u00e9v\u00e9nement final des projets POCTEFA avec des partenaires de Navarre (NAVARREFA) qui s&#039;est tenu au Palais des Congr\u00e8s Baluarte (\u00e0 Pampelune). Lors du premier jour de l&#039;\u00e9v\u00e9nement, nous avons pu \u00e9couter des autorit\u00e9s telles que Slawomir Tokarski, directeur g\u00e9n\u00e9ral de la [&hellip;]\" \/>\n<meta property=\"og:url\" content=\"https:\/\/www.translanekin.eu\/fr\/evenement-final-des-projets-poctefa-navarrefa\/\" \/>\n<meta property=\"og:site_name\" content=\"Translanekin\" \/>\n<meta property=\"article:published_time\" content=\"2021-10-26T18:04:16+00:00\" \/>\n<meta property=\"article:modified_time\" content=\"2021-11-22T18:04:55+00:00\" \/>\n<meta property=\"og:image\" content=\"https:\/\/www.translanekin.eu\/wp-content\/uploads\/2021\/11\/EVENTO-4.jpeg\" \/>\n\t<meta property=\"og:image:width\" content=\"2048\" \/>\n\t<meta property=\"og:image:height\" content=\"1447\" \/>\n\t<meta property=\"og:image:type\" content=\"image\/jpeg\" \/>\n<meta name=\"author\" content=\"ElsaArete\" \/>\n<meta name=\"twitter:card\" content=\"summary_large_image\" \/>\n<meta name=\"twitter:label1\" content=\"\u00c9crit par\" \/>\n\t<meta name=\"twitter:data1\" content=\"ElsaArete\" \/>\n\t<meta name=\"twitter:label2\" content=\"Dur\u00e9e de lecture estim\u00e9e\" \/>\n\t<meta name=\"twitter:data2\" content=\"2 minutes\" \/>\n<script type=\"application\/ld+json\" class=\"yoast-schema-graph\">{\"@context\":\"https:\\\/\\\/schema.org\",\"@graph\":[{\"@type\":\"Article\",\"@id\":\"https:\\\/\\\/www.translanekin.eu\\\/fr\\\/evenement-final-des-projets-poctefa-navarrefa\\\/#article\",\"isPartOf\":{\"@id\":\"https:\\\/\\\/www.translanekin.eu\\\/fr\\\/evenement-final-des-projets-poctefa-navarrefa\\\/\"},\"author\":{\"name\":\"ElsaArete\",\"@id\":\"https:\\\/\\\/www.translanekin.eu\\\/fr\\\/#\\\/schema\\\/person\\\/916dd2dbe63b9dfd136e35770e8b0779\"},\"headline\":\"\u00c9v\u00e9nement final des projets POCTEFA (NAVARREFA)\",\"datePublished\":\"2021-10-26T18:04:16+00:00\",\"dateModified\":\"2021-11-22T18:04:55+00:00\",\"mainEntityOfPage\":{\"@id\":\"https:\\\/\\\/www.translanekin.eu\\\/fr\\\/evenement-final-des-projets-poctefa-navarrefa\\\/\"},\"wordCount\":590,\"image\":{\"@id\":\"https:\\\/\\\/www.translanekin.eu\\\/fr\\\/evenement-final-des-projets-poctefa-navarrefa\\\/#primaryimage\"},\"thumbnailUrl\":\"https:\\\/\\\/www.translanekin.eu\\\/wp-content\\\/uploads\\\/2021\\\/11\\\/EVENTO-4.jpeg\",\"articleSection\":[\"actions\"],\"inLanguage\":\"fr-FR\"},{\"@type\":\"WebPage\",\"@id\":\"https:\\\/\\\/www.translanekin.eu\\\/fr\\\/evenement-final-des-projets-poctefa-navarrefa\\\/\",\"url\":\"https:\\\/\\\/www.translanekin.eu\\\/fr\\\/evenement-final-des-projets-poctefa-navarrefa\\\/\",\"name\":\"\u00c9v\u00e9nement final des projets POCTEFA (NAVARREFA) - Translanekin\",\"isPartOf\":{\"@id\":\"https:\\\/\\\/www.translanekin.eu\\\/fr\\\/#website\"},\"primaryImageOfPage\":{\"@id\":\"https:\\\/\\\/www.translanekin.eu\\\/fr\\\/evenement-final-des-projets-poctefa-navarrefa\\\/#primaryimage\"},\"image\":{\"@id\":\"https:\\\/\\\/www.translanekin.eu\\\/fr\\\/evenement-final-des-projets-poctefa-navarrefa\\\/#primaryimage\"},\"thumbnailUrl\":\"https:\\\/\\\/www.translanekin.eu\\\/wp-content\\\/uploads\\\/2021\\\/11\\\/EVENTO-4.jpeg\",\"datePublished\":\"2021-10-26T18:04:16+00:00\",\"dateModified\":\"2021-11-22T18:04:55+00:00\",\"author\":{\"@id\":\"https:\\\/\\\/www.translanekin.eu\\\/fr\\\/#\\\/schema\\\/person\\\/916dd2dbe63b9dfd136e35770e8b0779\"},\"breadcrumb\":{\"@id\":\"https:\\\/\\\/www.translanekin.eu\\\/fr\\\/evenement-final-des-projets-poctefa-navarrefa\\\/#breadcrumb\"},\"inLanguage\":\"fr-FR\",\"potentialAction\":[{\"@type\":\"ReadAction\",\"target\":[\"https:\\\/\\\/www.translanekin.eu\\\/fr\\\/evenement-final-des-projets-poctefa-navarrefa\\\/\"]}]},{\"@type\":\"ImageObject\",\"inLanguage\":\"fr-FR\",\"@id\":\"https:\\\/\\\/www.translanekin.eu\\\/fr\\\/evenement-final-des-projets-poctefa-navarrefa\\\/#primaryimage\",\"url\":\"https:\\\/\\\/www.translanekin.eu\\\/wp-content\\\/uploads\\\/2021\\\/11\\\/EVENTO-4.jpeg\",\"contentUrl\":\"https:\\\/\\\/www.translanekin.eu\\\/wp-content\\\/uploads\\\/2021\\\/11\\\/EVENTO-4.jpeg\",\"width\":2048,\"height\":1447},{\"@type\":\"BreadcrumbList\",\"@id\":\"https:\\\/\\\/www.translanekin.eu\\\/fr\\\/evenement-final-des-projets-poctefa-navarrefa\\\/#breadcrumb\",\"itemListElement\":[{\"@type\":\"ListItem\",\"position\":1,\"name\":\"Portada\",\"item\":\"https:\\\/\\\/www.translanekin.eu\\\/fr\\\/\"},{\"@type\":\"ListItem\",\"position\":2,\"name\":\"\u00c9v\u00e9nement final des projets POCTEFA (NAVARREFA)\"}]},{\"@type\":\"WebSite\",\"@id\":\"https:\\\/\\\/www.translanekin.eu\\\/fr\\\/#website\",\"url\":\"https:\\\/\\\/www.translanekin.eu\\\/fr\\\/\",\"name\":\"Translanekin\",\"description\":\"Un proyecto para impulsar la movilidad laboral a ambos lados del Pirineo\",\"potentialAction\":[{\"@type\":\"SearchAction\",\"target\":{\"@type\":\"EntryPoint\",\"urlTemplate\":\"https:\\\/\\\/www.translanekin.eu\\\/fr\\\/?s={search_term_string}\"},\"query-input\":{\"@type\":\"PropertyValueSpecification\",\"valueRequired\":true,\"valueName\":\"search_term_string\"}}],\"inLanguage\":\"fr-FR\"},{\"@type\":\"Person\",\"@id\":\"https:\\\/\\\/www.translanekin.eu\\\/fr\\\/#\\\/schema\\\/person\\\/916dd2dbe63b9dfd136e35770e8b0779\",\"name\":\"ElsaArete\",\"image\":{\"@type\":\"ImageObject\",\"inLanguage\":\"fr-FR\",\"@id\":\"https:\\\/\\\/secure.gravatar.com\\\/avatar\\\/7c3b4d51277db06bbdca809564aa5b95d0e0174251aed16dba883ee4bce244fc?s=96&d=mm&r=g\",\"url\":\"https:\\\/\\\/secure.gravatar.com\\\/avatar\\\/7c3b4d51277db06bbdca809564aa5b95d0e0174251aed16dba883ee4bce244fc?s=96&d=mm&r=g\",\"contentUrl\":\"https:\\\/\\\/secure.gravatar.com\\\/avatar\\\/7c3b4d51277db06bbdca809564aa5b95d0e0174251aed16dba883ee4bce244fc?s=96&d=mm&r=g\",\"caption\":\"ElsaArete\"},\"url\":\"https:\\\/\\\/www.translanekin.eu\\\/fr\\\/author\\\/elsaarete\\\/\"}]}<\/script>\n<!-- \/ Yoast SEO plugin. -->","yoast_head_json":{"title":"\u00c9v\u00e9nement final des projets POCTEFA (NAVARREFA) - Translanekin","robots":{"index":"index","follow":"follow","max-snippet":"max-snippet:-1","max-image-preview":"max-image-preview:large","max-video-preview":"max-video-preview:-1"},"canonical":"https:\/\/www.translanekin.eu\/fr\/evenement-final-des-projets-poctefa-navarrefa\/","og_locale":"fr_FR","og_type":"article","og_title":"\u00c9v\u00e9nement final des projets POCTEFA (NAVARREFA) - Translanekin","og_description":"Les 28 et 29 octobre derniers, les partenaires du projet TRANSLANEKIN ont particip\u00e9 \u00e0 l'\u00e9v\u00e9nement final des projets POCTEFA avec des partenaires de Navarre (NAVARREFA) qui s'est tenu au Palais des Congr\u00e8s Baluarte (\u00e0 Pampelune). Lors du premier jour de l'\u00e9v\u00e9nement, nous avons pu \u00e9couter des autorit\u00e9s telles que Slawomir Tokarski, directeur g\u00e9n\u00e9ral de la [&hellip;]","og_url":"https:\/\/www.translanekin.eu\/fr\/evenement-final-des-projets-poctefa-navarrefa\/","og_site_name":"Translanekin","article_published_time":"2021-10-26T18:04:16+00:00","article_modified_time":"2021-11-22T18:04:55+00:00","og_image":[{"width":2048,"height":1447,"url":"https:\/\/www.translanekin.eu\/wp-content\/uploads\/2021\/11\/EVENTO-4.jpeg","type":"image\/jpeg"}],"author":"ElsaArete","twitter_card":"summary_large_image","twitter_misc":{"\u00c9crit par":"ElsaArete","Dur\u00e9e de lecture estim\u00e9e":"2 minutes"},"schema":{"@context":"https:\/\/schema.org","@graph":[{"@type":"Article","@id":"https:\/\/www.translanekin.eu\/fr\/evenement-final-des-projets-poctefa-navarrefa\/#article","isPartOf":{"@id":"https:\/\/www.translanekin.eu\/fr\/evenement-final-des-projets-poctefa-navarrefa\/"},"author":{"name":"ElsaArete","@id":"https:\/\/www.translanekin.eu\/fr\/#\/schema\/person\/916dd2dbe63b9dfd136e35770e8b0779"},"headline":"\u00c9v\u00e9nement final des projets POCTEFA (NAVARREFA)","datePublished":"2021-10-26T18:04:16+00:00","dateModified":"2021-11-22T18:04:55+00:00","mainEntityOfPage":{"@id":"https:\/\/www.translanekin.eu\/fr\/evenement-final-des-projets-poctefa-navarrefa\/"},"wordCount":590,"image":{"@id":"https:\/\/www.translanekin.eu\/fr\/evenement-final-des-projets-poctefa-navarrefa\/#primaryimage"},"thumbnailUrl":"https:\/\/www.translanekin.eu\/wp-content\/uploads\/2021\/11\/EVENTO-4.jpeg","articleSection":["actions"],"inLanguage":"fr-FR"},{"@type":"WebPage","@id":"https:\/\/www.translanekin.eu\/fr\/evenement-final-des-projets-poctefa-navarrefa\/","url":"https:\/\/www.translanekin.eu\/fr\/evenement-final-des-projets-poctefa-navarrefa\/","name":"\u00c9v\u00e9nement final des projets POCTEFA (NAVARREFA) - Translanekin","isPartOf":{"@id":"https:\/\/www.translanekin.eu\/fr\/#website"},"primaryImageOfPage":{"@id":"https:\/\/www.translanekin.eu\/fr\/evenement-final-des-projets-poctefa-navarrefa\/#primaryimage"},"image":{"@id":"https:\/\/www.translanekin.eu\/fr\/evenement-final-des-projets-poctefa-navarrefa\/#primaryimage"},"thumbnailUrl":"https:\/\/www.translanekin.eu\/wp-content\/uploads\/2021\/11\/EVENTO-4.jpeg","datePublished":"2021-10-26T18:04:16+00:00","dateModified":"2021-11-22T18:04:55+00:00","author":{"@id":"https:\/\/www.translanekin.eu\/fr\/#\/schema\/person\/916dd2dbe63b9dfd136e35770e8b0779"},"breadcrumb":{"@id":"https:\/\/www.translanekin.eu\/fr\/evenement-final-des-projets-poctefa-navarrefa\/#breadcrumb"},"inLanguage":"fr-FR","potentialAction":[{"@type":"ReadAction","target":["https:\/\/www.translanekin.eu\/fr\/evenement-final-des-projets-poctefa-navarrefa\/"]}]},{"@type":"ImageObject","inLanguage":"fr-FR","@id":"https:\/\/www.translanekin.eu\/fr\/evenement-final-des-projets-poctefa-navarrefa\/#primaryimage","url":"https:\/\/www.translanekin.eu\/wp-content\/uploads\/2021\/11\/EVENTO-4.jpeg","contentUrl":"https:\/\/www.translanekin.eu\/wp-content\/uploads\/2021\/11\/EVENTO-4.jpeg","width":2048,"height":1447},{"@type":"BreadcrumbList","@id":"https:\/\/www.translanekin.eu\/fr\/evenement-final-des-projets-poctefa-navarrefa\/#breadcrumb","itemListElement":[{"@type":"ListItem","position":1,"name":"Portada","item":"https:\/\/www.translanekin.eu\/fr\/"},{"@type":"ListItem","position":2,"name":"\u00c9v\u00e9nement final des projets POCTEFA (NAVARREFA)"}]},{"@type":"WebSite","@id":"https:\/\/www.translanekin.eu\/fr\/#website","url":"https:\/\/www.translanekin.eu\/fr\/","name":"Translanekin","description":"Un proyecto para impulsar la movilidad laboral a ambos lados del Pirineo","potentialAction":[{"@type":"SearchAction","target":{"@type":"EntryPoint","urlTemplate":"https:\/\/www.translanekin.eu\/fr\/?s={search_term_string}"},"query-input":{"@type":"PropertyValueSpecification","valueRequired":true,"valueName":"search_term_string"}}],"inLanguage":"fr-FR"},{"@type":"Person","@id":"https:\/\/www.translanekin.eu\/fr\/#\/schema\/person\/916dd2dbe63b9dfd136e35770e8b0779","name":"ElsaArete","image":{"@type":"ImageObject","inLanguage":"fr-FR","@id":"https:\/\/secure.gravatar.com\/avatar\/7c3b4d51277db06bbdca809564aa5b95d0e0174251aed16dba883ee4bce244fc?s=96&d=mm&r=g","url":"https:\/\/secure.gravatar.com\/avatar\/7c3b4d51277db06bbdca809564aa5b95d0e0174251aed16dba883ee4bce244fc?s=96&d=mm&r=g","contentUrl":"https:\/\/secure.gravatar.com\/avatar\/7c3b4d51277db06bbdca809564aa5b95d0e0174251aed16dba883ee4bce244fc?s=96&d=mm&r=g","caption":"ElsaArete"},"url":"https:\/\/www.translanekin.eu\/fr\/author\/elsaarete\/"}]}},"_links":{"self":[{"href":"https:\/\/www.translanekin.eu\/fr\/wp-json\/wp\/v2\/posts\/1620","targetHints":{"allow":["GET"]}}],"collection":[{"href":"https:\/\/www.translanekin.eu\/fr\/wp-json\/wp\/v2\/posts"}],"about":[{"href":"https:\/\/www.translanekin.eu\/fr\/wp-json\/wp\/v2\/types\/post"}],"author":[{"embeddable":true,"href":"https:\/\/www.translanekin.eu\/fr\/wp-json\/wp\/v2\/users\/5"}],"replies":[{"embeddable":true,"href":"https:\/\/www.translanekin.eu\/fr\/wp-json\/wp\/v2\/comments?post=1620"}],"version-history":[{"count":3,"href":"https:\/\/www.translanekin.eu\/fr\/wp-json\/wp\/v2\/posts\/1620\/revisions"}],"predecessor-version":[{"id":1624,"href":"https:\/\/www.translanekin.eu\/fr\/wp-json\/wp\/v2\/posts\/1620\/revisions\/1624"}],"wp:featuredmedia":[{"embeddable":true,"href":"https:\/\/www.translanekin.eu\/fr\/wp-json\/wp\/v2\/media\/1617"}],"wp:attachment":[{"href":"https:\/\/www.translanekin.eu\/fr\/wp-json\/wp\/v2\/media?parent=1620"}],"wp:term":[{"taxonomy":"category","embeddable":true,"href":"https:\/\/www.translanekin.eu\/fr\/wp-json\/wp\/v2\/categories?post=1620"},{"taxonomy":"post_tag","embeddable":true,"href":"https:\/\/www.translanekin.eu\/fr\/wp-json\/wp\/v2\/tags?post=1620"}],"curies":[{"name":"wp","href":"https:\/\/api.w.org\/{rel}","templated":true}]}}