{"id":1466,"date":"2021-04-29T18:03:04","date_gmt":"2021-04-29T17:03:04","guid":{"rendered":"https:\/\/www.translanekin.eu\/translanekin-newsletter-no1\/"},"modified":"2021-10-04T06:53:25","modified_gmt":"2021-10-04T05:53:25","slug":"translanekin-newsletter-no1","status":"publish","type":"post","link":"https:\/\/www.translanekin.eu\/fr\/translanekin-newsletter-no1\/","title":{"rendered":"Translanekin newsletter N\u00ba1"},"content":{"rendered":"\n<!-- divi:divi\/placeholder {\"translatedWithWPMLTM\":\"1\"} -->\n[et_pb_section fb_built=\u00a0\u00bb1&Prime; _builder_version=\u00a0\u00bb4.9.4&Prime; _module_preset=\u00a0\u00bbdefault\u00a0\u00bb][et_pb_row _builder_version=\u00a0\u00bb4.9.4&Prime; _module_preset=\u00a0\u00bbdefault\u00a0\u00bb][et_pb_column _builder_version=\u00a0\u00bb4.9.4&Prime; _module_preset=\u00a0\u00bbdefault\u00a0\u00bb type=\u00a0\u00bb4_4&Prime;][et_pb_image src=\u00a0\u00bbhttps:\/\/www.translanekin.eu\/wp-content\/uploads\/2021\/06\/Translanekin-newsletter.jpg\u00a0\u00bb _builder_version=\u00a0\u00bb4.9.4&Prime; _module_preset=\u00a0\u00bbdefault\u00a0\u00bb alt=\u00a0\u00bbTranslanekin newsletter\u00a0\u00bb title_text=\u00a0\u00bbTranslanekin newsletter\u00a0\u00bb hover_enabled=\u00a0\u00bb0&Prime; sticky_enabled=\u00a0\u00bb0&Prime; align=\u00a0\u00bbcenter\u00a0\u00bb][\/et_pb_image][\/et_pb_column][\/et_pb_row][et_pb_row _builder_version=\u00a0\u00bb4.9.4&Prime; _module_preset=\u00a0\u00bbdefault\u00a0\u00bb background_color=\u00a0\u00bb#eac8f4&Prime; hover_enabled=\u00a0\u00bb0&Prime; sticky_enabled=\u00a0\u00bb0&Prime;][et_pb_column _builder_version=\u00a0\u00bb4.9.4&Prime; _module_preset=\u00a0\u00bbdefault\u00a0\u00bb type=\u00a0\u00bb4_4&Prime;][et_pb_text _builder_version=\u00a0\u00bb4.9.4&Prime; _module_preset=\u00a0\u00bbdefault\u00a0\u00bb hover_enabled=\u00a0\u00bb0&Prime; sticky_enabled=\u00a0\u00bb0&Prime; header_2_font=\u00a0\u00bb|800|||||||\u00a0\u00bb custom_margin=\u00a0\u00bb|||20px|false|false\u00a0\u00bb]<h2>Nous avons les mat\u00e9riaux&#8230;<\/h2>[\/et_pb_text][\/et_pb_column][\/et_pb_row][et_pb_row _builder_version=\u00a0\u00bb4.9.4&Prime; _module_preset=\u00a0\u00bbdefault\u00a0\u00bb custom_padding=\u00a0\u00bb11px|||||\u00a0\u00bb][et_pb_column _builder_version=\u00a0\u00bb4.9.4&Prime; _module_preset=\u00a0\u00bbdefault\u00a0\u00bb type=\u00a0\u00bb4_4&Prime;][et_pb_image src=\u00a0\u00bbhttps:\/\/www.translanekin.eu\/wp-content\/uploads\/2021\/06\/foto-1-manos-newsletter.jpg\u00a0\u00bb _builder_version=\u00a0\u00bb4.9.4&Prime; _module_preset=\u00a0\u00bbdefault\u00a0\u00bb alt=\u00a0\u00bbfoto 1 manos newsletter\u00a0\u00bb title_text=\u00a0\u00bbfoto 1 manos newsletter\u00a0\u00bb hover_enabled=\u00a0\u00bb0&Prime; sticky_enabled=\u00a0\u00bb0&Prime;][\/et_pb_image][\/et_pb_column][\/et_pb_row][et_pb_row _builder_version=\u00a0\u00bb4.9.4&Prime; _module_preset=\u00a0\u00bbdefault\u00a0\u00bb background_color=\u00a0\u00bb#d15ff4&Prime; hover_enabled=\u00a0\u00bb0&Prime; sticky_enabled=\u00a0\u00bb0&Prime;][et_pb_column _builder_version=\u00a0\u00bb4.9.4&Prime; _module_preset=\u00a0\u00bbdefault\u00a0\u00bb type=\u00a0\u00bb4_4&Prime;][et_pb_text _builder_version=\u00a0\u00bb4.9.4&Prime; _module_preset=\u00a0\u00bbdefault\u00a0\u00bb hover_enabled=\u00a0\u00bb0&Prime; sticky_enabled=\u00a0\u00bb0&Prime; header_2_font=\u00a0\u00bb|800|||||||\u00a0\u00bb text_text_color=\u00a0\u00bb#FFFFFF\u00a0\u00bb header_2_text_color=\u00a0\u00bb#FFFFFF\u00a0\u00bb custom_padding=\u00a0\u00bb|||20px|false|false\u00a0\u00bb]<h2>&#8230; \u00e0 nous de construire !<\/h2>[\/et_pb_text][\/et_pb_column][\/et_pb_row][et_pb_row _builder_version=\u00a0\u00bb4.9.4&Prime; _module_preset=\u00a0\u00bbdefault\u00a0\u00bb background_color=\u00a0\u00bb#efd9f4&Prime; hover_enabled=\u00a0\u00bb0&Prime; sticky_enabled=\u00a0\u00bb0&Prime;][et_pb_column _builder_version=\u00a0\u00bb4.9.4&Prime; _module_preset=\u00a0\u00bbdefault\u00a0\u00bb type=\u00a0\u00bb4_4&Prime;][et_pb_text _builder_version=\u00a0\u00bb4.9.4&Prime; _module_preset=\u00a0\u00bbdefault\u00a0\u00bb hover_enabled=\u00a0\u00bb0&Prime; sticky_enabled=\u00a0\u00bb0&Prime; custom_padding=\u00a0\u00bb|||18px||\u00a0\u00bb text_font_size=\u00a0\u00bb18px\u00a0\u00bb text_text_color=\u00a0\u00bb#000000&Prime;]<p><span style=\"color: #000000;\">Une forte participation, un bon feed-back et une \u00e9valuation positive r\u00e9sument la pr\u00e9sentation des r\u00e9sultats de <span style=\"color: #0000ff;\"><strong>l&rsquo;Enqu\u00eate sur l&rsquo;Emploi et la Formation Transfrontaliers.<\/strong><\/span>.<\/span><br \/><span style=\"color: #000000;\">\u00abIl est clair\u00bb, souligne-t\u2019on c\u00f4t\u00e9 INSUP, \u00abqu&rsquo;il existe dans les trois territoires des ressources tr\u00e8s int\u00e9ressantes pour favoriser la mobilit\u00e9 professionnelle transfrontali\u00e8re et aussi des agents avides d&rsquo;apprendre, diffuser et partager ces ressources. Par cons\u00e9quent, les \u00e9l\u00e9ments n\u00e9cessaires sont l\u00e0 et le d\u00e9fi pour Translanekin est de les assembler et de participer \u00e0 construire un outil utile \u00bb. <\/span><\/p>\r\n<p><span style=\"color: #000000;\">La pr\u00e9sentation, qui s&rsquo;est tenue le 31 mars, en ligne, a r\u00e9uni une trentaine d&rsquo;experts issus de diff\u00e9rentes organisations : collectivit\u00e9s territoriales, Euror\u00e9gion, chambres de commerce, agences de d\u00e9veloppement local, etc.<\/span><\/p>[\/et_pb_text][\/et_pb_column][\/et_pb_row][et_pb_row _builder_version=\u00a0\u00bb4.9.4&Prime; _module_preset=\u00a0\u00bbdefault\u00a0\u00bb background_color=\u00a0\u00bb#af4486&Prime; hover_enabled=\u00a0\u00bb0&Prime; sticky_enabled=\u00a0\u00bb0&Prime; custom_margin=\u00a0\u00bb24px|auto||auto||\u00a0\u00bb][et_pb_column _builder_version=\u00a0\u00bb4.9.4&Prime; _module_preset=\u00a0\u00bbdefault\u00a0\u00bb type=\u00a0\u00bb4_4&Prime;][et_pb_text _builder_version=\u00a0\u00bb4.9.4&Prime; _module_preset=\u00a0\u00bbdefault\u00a0\u00bb hover_enabled=\u00a0\u00bb0&Prime; sticky_enabled=\u00a0\u00bb0&Prime; header_2_font=\u00a0\u00bb|800|||||||\u00a0\u00bb text_text_color=\u00a0\u00bb#FFFFFF\u00a0\u00bb header_2_text_color=\u00a0\u00bb#FFFFFF\u00a0\u00bb custom_padding=\u00a0\u00bb|||20px|false|false\u00a0\u00bb]<h2>Implication d&rsquo;experts et d&rsquo;entreprises<\/h2>[\/et_pb_text][\/et_pb_column][\/et_pb_row][et_pb_row _builder_version=\u00a0\u00bb4.9.4&Prime; _module_preset=\u00a0\u00bbdefault\u00a0\u00bb custom_padding=\u00a0\u00bb11px|||||\u00a0\u00bb][et_pb_column _builder_version=\u00a0\u00bb4.9.4&Prime; _module_preset=\u00a0\u00bbdefault\u00a0\u00bb type=\u00a0\u00bb4_4&Prime;][et_pb_image src=\u00a0\u00bbhttps:\/\/www.translanekin.eu\/wp-content\/uploads\/2021\/06\/Camiones-newsletter-1.jpg\u00a0\u00bb _builder_version=\u00a0\u00bb4.9.4&Prime; _module_preset=\u00a0\u00bbdefault\u00a0\u00bb alt=\u00a0\u00bbCamiones newsletter 1&Prime; title_text=\u00a0\u00bbCamiones newsletter 1&Prime; hover_enabled=\u00a0\u00bb0&Prime; sticky_enabled=\u00a0\u00bb0&Prime;][\/et_pb_image][\/et_pb_column][\/et_pb_row][et_pb_row _builder_version=\u00a0\u00bb4.9.4&Prime; _module_preset=\u00a0\u00bbdefault\u00a0\u00bb background_color=\u00a0\u00bb#efd9f4&Prime; hover_enabled=\u00a0\u00bb0&Prime; sticky_enabled=\u00a0\u00bb0&Prime;][et_pb_column _builder_version=\u00a0\u00bb4.9.4&Prime; _module_preset=\u00a0\u00bbdefault\u00a0\u00bb type=\u00a0\u00bb4_4&Prime;][et_pb_text _builder_version=\u00a0\u00bb4.9.4&Prime; _module_preset=\u00a0\u00bbdefault\u00a0\u00bb hover_enabled=\u00a0\u00bb0&Prime; sticky_enabled=\u00a0\u00bb0&Prime; custom_padding=\u00a0\u00bb|||18px||\u00a0\u00bb text_font_size=\u00a0\u00bb18px\u00a0\u00bb text_text_color=\u00a0\u00bb#000000&Prime;]<p>Environ 200 personnes, sp\u00e9cialistes de l\u2019orientation professionnelle, de la<br \/>formation et de l&#8217;emploi, ainsi que des entreprises de tous les secteurs<br \/>\u00e9conomiques de Navarre, de Guipuzcoa et des Pyr\u00e9n\u00e9es-Atlantiques ont<br \/>particip\u00e9 \u00e0 <strong>l&rsquo;Enqu\u00eate sur l&rsquo;Emploi et la Formation Transfrontaliers<\/strong><br \/><strong>r\u00e9alis\u00e9e par Translanekin<\/strong>.<br \/>Il faut souligner l&rsquo;implication de tous les participants qui ont fourni des<br \/>informations importantes, qualitatives et quantitatives, sur les difficult\u00e9s de<br \/>recrutement par les entreprises et les besoins de formation des demandeurs<br \/>d&#8217;emploi.<\/p>[\/et_pb_text][\/et_pb_column][\/et_pb_row][et_pb_row _builder_version=\u00a0\u00bb4.9.4&Prime; _module_preset=\u00a0\u00bbdefault\u00a0\u00bb background_color=\u00a0\u00bb#85f25e\u00a0\u00bb hover_enabled=\u00a0\u00bb0&Prime; sticky_enabled=\u00a0\u00bb0&Prime; custom_margin=\u00a0\u00bb24px|auto||auto||\u00a0\u00bb][et_pb_column _builder_version=\u00a0\u00bb4.9.4&Prime; _module_preset=\u00a0\u00bbdefault\u00a0\u00bb type=\u00a0\u00bb4_4&Prime;][et_pb_text _builder_version=\u00a0\u00bb4.9.4&Prime; _module_preset=\u00a0\u00bbdefault\u00a0\u00bb hover_enabled=\u00a0\u00bb0&Prime; sticky_enabled=\u00a0\u00bb0&Prime; header_2_font=\u00a0\u00bb|800|||||||\u00a0\u00bb text_text_color=\u00a0\u00bb#FFFFFF\u00a0\u00bb header_2_text_color=\u00a0\u00bb#000000&Prime; custom_padding=\u00a0\u00bb|||20px|false|false\u00a0\u00bb]<h2>Ton domaine, c&rsquo;est l&rsquo;orientation et l&rsquo;insertion professionnelle ou le recrutement ?<\/h2>[\/et_pb_text][\/et_pb_column][\/et_pb_row][et_pb_row _builder_version=\u00a0\u00bb4.9.4&Prime; _module_preset=\u00a0\u00bbdefault\u00a0\u00bb custom_padding=\u00a0\u00bb11px|||||\u00a0\u00bb][et_pb_column _builder_version=\u00a0\u00bb4.9.4&Prime; _module_preset=\u00a0\u00bbdefault\u00a0\u00bb type=\u00a0\u00bb4_4&Prime;][et_pb_image src=\u00a0\u00bbhttps:\/\/www.translanekin.eu\/wp-content\/uploads\/2021\/06\/Brazos-alto-n1.jpg\u00a0\u00bb _builder_version=\u00a0\u00bb4.9.4&Prime; _module_preset=\u00a0\u00bbdefault\u00a0\u00bb alt=\u00a0\u00bbBrazos alto n1&Prime; title_text=\u00a0\u00bbBrazos alto n1&Prime; hover_enabled=\u00a0\u00bb0&Prime; sticky_enabled=\u00a0\u00bb0&Prime;][\/et_pb_image][\/et_pb_column][\/et_pb_row][et_pb_row _builder_version=\u00a0\u00bb4.9.4&Prime; _module_preset=\u00a0\u00bbdefault\u00a0\u00bb background_color=\u00a0\u00bb#38913d\u00a0\u00bb hover_enabled=\u00a0\u00bb0&Prime; sticky_enabled=\u00a0\u00bb0&Prime; custom_margin=\u00a0\u00bb4px|auto||auto||\u00a0\u00bb][et_pb_column _builder_version=\u00a0\u00bb4.9.4&Prime; _module_preset=\u00a0\u00bbdefault\u00a0\u00bb type=\u00a0\u00bb4_4&Prime;][et_pb_text _builder_version=\u00a0\u00bb4.9.4&Prime; _module_preset=\u00a0\u00bbdefault\u00a0\u00bb hover_enabled=\u00a0\u00bb0&Prime; sticky_enabled=\u00a0\u00bb0&Prime; header_2_font=\u00a0\u00bb|800|||||||\u00a0\u00bb text_text_color=\u00a0\u00bb#FFFFFF\u00a0\u00bb header_2_text_color=\u00a0\u00bb#FFFFFF\u00a0\u00bb custom_padding=\u00a0\u00bb|||20px|false|false\u00a0\u00bb]<h2>Tu es le\/la bienvenu(e)!<\/h2>[\/et_pb_text][\/et_pb_column][\/et_pb_row][et_pb_row _builder_version=\u00a0\u00bb4.9.4&Prime; _module_preset=\u00a0\u00bbdefault\u00a0\u00bb background_color=\u00a0\u00bb#c0eabe\u00a0\u00bb hover_enabled=\u00a0\u00bb0&Prime; sticky_enabled=\u00a0\u00bb0&Prime;][et_pb_column _builder_version=\u00a0\u00bb4.9.4&Prime; _module_preset=\u00a0\u00bbdefault\u00a0\u00bb type=\u00a0\u00bb4_4&Prime;][et_pb_text _builder_version=\u00a0\u00bb4.9.4&Prime; _module_preset=\u00a0\u00bbdefault\u00a0\u00bb hover_enabled=\u00a0\u00bb0&Prime; sticky_enabled=\u00a0\u00bb0&Prime; custom_padding=\u00a0\u00bb|||18px||\u00a0\u00bb text_font_size=\u00a0\u00bb18px\u00a0\u00bb text_text_color=\u00a0\u00bb#000000&Prime;]<p>Translanekin organise le lancement de divers ateliers, ouverts \u00e0 tous les<br \/>professionnels de l&rsquo;orientation et de l&rsquo;insertion, que cela soit leur domaine<br \/>d&rsquo;\u00e9tudes ou leur activit\u00e9 professionnelle (du secteur public ou priv\u00e9). Ils sont<br \/>gratuits et virtuels et constituent un espace d&rsquo;\u00e9change de connaissances,<br \/>d&rsquo;exp\u00e9riences et d&rsquo;opinions qui fa\u00e7onneront le contenu d&rsquo;un futur MOOC. Ils<br \/>pourraient s\u2019appeler ateliers de co-construction de contenus, particuli\u00e8rement<br \/>int\u00e9ressants pour les personnes qui sont &#8211; ou seront dans un futur proche &#8211; les<br \/>liens entre la formation et l\u2019emploi (travailleurs sociaux, psychologues,<br \/>conseillers en emploi, \u00e9ducateurs&#8230;) en Navarre, en Euskadi et en NouvelleAquitaine.<br \/>Si tu bosses dans l\u2019orientation professionnelle, ne te fixe pas de fronti\u00e8res !<br \/>Apprends de nouvelles choses et partage tes id\u00e9es et tes connaissances.<\/p>[\/et_pb_text][et_pb_button button_text=\u00a0\u00bbJE M&rsquo;INSCRIS !\u00a0\u00bb _builder_version=\u00a0\u00bb4.9.4&Prime; _module_preset=\u00a0\u00bbdefault\u00a0\u00bb button_url=\u00a0\u00bbhttps:\/\/www.translanekin.eu\/fr\/inscription-aux-ateliers\/\u00a0\u00bb hover_enabled=\u00a0\u00bb0&Prime; sticky_enabled=\u00a0\u00bb0&Prime; custom_button=\u00a0\u00bbon\u00a0\u00bb button_text_color=\u00a0\u00bb#FFFFFF\u00a0\u00bb button_bg_color=\u00a0\u00bb#226ACF\u00a0\u00bb button_bg_enable_color=\u00a0\u00bbon\u00a0\u00bb button_border_width=\u00a0\u00bb0px\u00a0\u00bb button_alignment=\u00a0\u00bbcenter\u00a0\u00bb button_text_size=\u00a0\u00bb25px\u00a0\u00bb button_border_radius=\u00a0\u00bb22px\u00a0\u00bb][\/et_pb_button][et_pb_text _builder_version=\u00a0\u00bb4.9.4&Prime; _module_preset=\u00a0\u00bbdefault\u00a0\u00bb hover_enabled=\u00a0\u00bb0&Prime; sticky_enabled=\u00a0\u00bb0&Prime; custom_padding=\u00a0\u00bb|||18px||\u00a0\u00bb text_font_size=\u00a0\u00bb18px\u00a0\u00bb text_text_color=\u00a0\u00bb#000000&Prime;]<p><strong>Pr\u00e9cisez-nous la langue dans laquelle vous souhaitez recevoir nos lettres<br \/>d\u2019informations <a href=\"mailto:alopress.info@gmail.com\">ici<\/a>.<\/strong><\/p>[\/et_pb_text][\/et_pb_column][\/et_pb_row][et_pb_row _builder_version=\u00a0\u00bb4.9.4&Prime; _module_preset=\u00a0\u00bbdefault\u00a0\u00bb][et_pb_column _builder_version=\u00a0\u00bb4.9.4&Prime; _module_preset=\u00a0\u00bbdefault\u00a0\u00bb type=\u00a0\u00bb4_4&Prime;][et_pb_image src=\u00a0\u00bbhttps:\/\/www.translanekin.eu\/wp-content\/uploads\/2021\/06\/TRANSLANEKIN-poctefa-ARETE.jpg\u00a0\u00bb _builder_version=\u00a0\u00bb4.9.4&Prime; _module_preset=\u00a0\u00bbdefault\u00a0\u00bb alt=\u00a0\u00bbTRANSLANEKIN poctefa ARETE\u00a0\u00bb title_text=\u00a0\u00bbTRANSLANEKIN poctefa ARETE\u00a0\u00bb hover_enabled=\u00a0\u00bb0&Prime; sticky_enabled=\u00a0\u00bb0&Prime; align=\u00a0\u00bbcenter\u00a0\u00bb][\/et_pb_image][\/et_pb_column][\/et_pb_row][et_pb_row _builder_version=\u00a0\u00bb4.9.4&Prime; _module_preset=\u00a0\u00bbdefault\u00a0\u00bb column_structure=\u00a0\u00bb1_3,1_3,1_3&Prime;][et_pb_column _builder_version=\u00a0\u00bb4.9.4&Prime; _module_preset=\u00a0\u00bbdefault\u00a0\u00bb type=\u00a0\u00bb1_3&Prime;][et_pb_image src=\u00a0\u00bbhttps:\/\/www.translanekin.eu\/wp-content\/uploads\/2020\/04\/logo-insup.jpg\u00a0\u00bb _builder_version=\u00a0\u00bb4.9.4&Prime; _module_preset=\u00a0\u00bbdefault\u00a0\u00bb alt=\u00a0\u00bbLogo Insup Formation\u00a0\u00bb title_text=\u00a0\u00bbLogo Insup Formation\u00a0\u00bb hover_enabled=\u00a0\u00bb0&Prime; sticky_enabled=\u00a0\u00bb0&Prime;][\/et_pb_image][et_pb_image src=\u00a0\u00bbhttps:\/\/www.translanekin.eu\/wp-content\/uploads\/2020\/03\/logo-lan-eko.png\u00a0\u00bb _builder_version=\u00a0\u00bb4.9.4&Prime; _module_preset=\u00a0\u00bbdefault\u00a0\u00bb alt=\u00a0\u00bbLan-Eko\u00a0\u00bb title_text=\u00a0\u00bblogo-lan-eko\u00a0\u00bb hover_enabled=\u00a0\u00bb0&Prime; sticky_enabled=\u00a0\u00bb0&Prime;][\/et_pb_image][\/et_pb_column][et_pb_column _builder_version=\u00a0\u00bb4.9.4&Prime; _module_preset=\u00a0\u00bbdefault\u00a0\u00bb type=\u00a0\u00bb1_3&Prime;][et_pb_image src=\u00a0\u00bbhttps:\/\/www.translanekin.eu\/wp-content\/uploads\/2020\/04\/logo-alb.jpg\u00a0\u00bb _builder_version=\u00a0\u00bb4.9.4&Prime; _module_preset=\u00a0\u00bbdefault\u00a0\u00bb alt=\u00a0\u00bbLogotipo ALB Formation\u00a0\u00bb title_text=\u00a0\u00bbLogotipo ALB Formation\u00a0\u00bb hover_enabled=\u00a0\u00bb0&Prime; sticky_enabled=\u00a0\u00bb0&Prime;][\/et_pb_image][et_pb_image src=\u00a0\u00bbhttps:\/\/www.translanekin.eu\/wp-content\/uploads\/2020\/04\/logo-olatukoop.jpg\u00a0\u00bb _builder_version=\u00a0\u00bb4.9.4&Prime; _module_preset=\u00a0\u00bbdefault\u00a0\u00bb alt=\u00a0\u00bbLogo Olatukoop\u00a0\u00bb title_text=\u00a0\u00bbLogo Olatukoop\u00a0\u00bb hover_enabled=\u00a0\u00bb0&Prime; sticky_enabled=\u00a0\u00bb0&Prime;][\/et_pb_image][\/et_pb_column][et_pb_column _builder_version=\u00a0\u00bb4.9.4&Prime; _module_preset=\u00a0\u00bbdefault\u00a0\u00bb type=\u00a0\u00bb1_3&Prime;][et_pb_image src=\u00a0\u00bbhttps:\/\/www.translanekin.eu\/wp-content\/uploads\/2020\/04\/logo-arete-activa.jpg\u00a0\u00bb _builder_version=\u00a0\u00bb4.9.4&Prime; _module_preset=\u00a0\u00bbdefault\u00a0\u00bb alt=\u00a0\u00bbLogo Arete Activa\u00a0\u00bb title_text=\u00a0\u00bbLogo Arete Activa\u00a0\u00bb hover_enabled=\u00a0\u00bb0&Prime; sticky_enabled=\u00a0\u00bb0&Prime;][\/et_pb_image][et_pb_image src=\u00a0\u00bbhttps:\/\/www.translanekin.eu\/wp-content\/uploads\/2020\/04\/logo-ademan.jpg\u00a0\u00bb _builder_version=\u00a0\u00bb4.9.4&Prime; _module_preset=\u00a0\u00bbdefault\u00a0\u00bb alt=\u00a0\u00bbLogotipo Ademan\u00a0\u00bb title_text=\u00a0\u00bblogo-ademan\u00a0\u00bb hover_enabled=\u00a0\u00bb0&Prime; sticky_enabled=\u00a0\u00bb0&Prime;][\/et_pb_image][\/et_pb_column][\/et_pb_row][et_pb_row _builder_version=\u00a0\u00bb4.9.4&Prime; _module_preset=\u00a0\u00bbdefault\u00a0\u00bb background_color=\u00a0\u00bb#38913d\u00a0\u00bb hover_enabled=\u00a0\u00bb0&Prime; sticky_enabled=\u00a0\u00bb0&Prime; custom_margin=\u00a0\u00bb4px|auto||auto||\u00a0\u00bb column_structure=\u00a0\u00bb3_5,1_5,1_5&Prime;][et_pb_column _builder_version=\u00a0\u00bb4.9.4&Prime; _module_preset=\u00a0\u00bbdefault\u00a0\u00bb type=\u00a0\u00bb3_5&Prime;][et_pb_text _builder_version=\u00a0\u00bb4.9.4&Prime; _module_preset=\u00a0\u00bbdefault\u00a0\u00bb hover_enabled=\u00a0\u00bb0&Prime; sticky_enabled=\u00a0\u00bb0&Prime; header_2_font=\u00a0\u00bb|800|||||||\u00a0\u00bb text_text_color=\u00a0\u00bb#FFFFFF\u00a0\u00bb header_2_text_color=\u00a0\u00bb#FFFFFF\u00a0\u00bb custom_padding=\u00a0\u00bb|||20px|false|false\u00a0\u00bb header_3_text_color=\u00a0\u00bb#FFFFFF\u00a0\u00bb]<h2>TRANSLANEKIN<\/h2>\r\n<h3>www.translanekin.eu\r\ninfo@translanekin.eu<\/h3>[\/et_pb_text][\/et_pb_column][et_pb_column _builder_version=\u00a0\u00bb4.9.4&Prime; _module_preset=\u00a0\u00bbdefault\u00a0\u00bb type=\u00a0\u00bb1_5&Prime;][et_pb_image src=\u00a0\u00bbhttps:\/\/www.translanekin.eu\/wp-content\/uploads\/2021\/06\/Icono-linkedin-translanekin.jpg\u00a0\u00bb _builder_version=\u00a0\u00bb4.9.4&Prime; _module_preset=\u00a0\u00bbdefault\u00a0\u00bb alt=\u00a0\u00bbIcono linkedin translanekin\u00a0\u00bb title_text=\u00a0\u00bbIcono linkedin translanekin\u00a0\u00bb url_new_window=\u00a0\u00bbon\u00a0\u00bb url=\u00a0\u00bbhttps:\/\/es.linkedin.com\/in\/translanekin-poctefa-2b414b1a2&Prime; hover_enabled=\u00a0\u00bb0&Prime; sticky_enabled=\u00a0\u00bb0&Prime; custom_padding=\u00a0\u00bb|20px|||false|false\u00a0\u00bb][\/et_pb_image][\/et_pb_column][et_pb_column _builder_version=\u00a0\u00bb4.9.4&Prime; _module_preset=\u00a0\u00bbdefault\u00a0\u00bb type=\u00a0\u00bb1_5&Prime;][et_pb_image src=\u00a0\u00bbhttps:\/\/www.translanekin.eu\/wp-content\/uploads\/2021\/06\/Icono-Youtube-translanekin.jpg\u00a0\u00bb _builder_version=\u00a0\u00bb4.9.4&Prime; _module_preset=\u00a0\u00bbdefault\u00a0\u00bb alt=\u00a0\u00bbIcono Youtube translanekin\u00a0\u00bb title_text=\u00a0\u00bbIcono Youtube translanekin\u00a0\u00bb url_new_window=\u00a0\u00bbon\u00a0\u00bb url=\u00a0\u00bbhttps:\/\/www.youtube.com\/watch?v=sWVhoOVlNKw\u00a0\u00bb hover_enabled=\u00a0\u00bb0&Prime; sticky_enabled=\u00a0\u00bb0&Prime; custom_padding=\u00a0\u00bb|20px|||false|false\u00a0\u00bb][\/et_pb_image][\/et_pb_column][\/et_pb_row][\/et_pb_section]\n\n","protected":false},"excerpt":{"rendered":"<p>Nous avons les mat\u00e9riaux&#8230;&#8230; \u00e0 nous de construire !Une forte participation, un bon feed-back et une \u00e9valuation positive r\u00e9sument la pr\u00e9sentation des r\u00e9sultats de l&rsquo;Enqu\u00eate sur l&rsquo;Emploi et la Formation Transfrontaliers..\u00abIl est clair\u00bb, souligne-t\u2019on c\u00f4t\u00e9 INSUP, \u00abqu&rsquo;il existe dans les trois territoires des ressources tr\u00e8s int\u00e9ressantes pour favoriser la mobilit\u00e9 professionnelle transfrontali\u00e8re et aussi des [&hellip;]<\/p>\n","protected":false},"author":2,"featured_media":1438,"comment_status":"closed","ping_status":"closed","sticky":false,"template":"","format":"standard","meta":{"_et_pb_use_builder":"on","_et_pb_old_content":"","_et_gb_content_width":"","footnotes":""},"categories":[22],"tags":[],"class_list":["post-1466","post","type-post","status-publish","format-standard","has-post-thumbnail","hentry","category-actions"],"yoast_head":"<!-- This site is optimized with the Yoast SEO plugin v27.5 - https:\/\/yoast.com\/product\/yoast-seo-wordpress\/ -->\n<title>Translanekin Newsletter N\u00ba1<\/title>\n<meta name=\"robots\" content=\"index, follow, max-snippet:-1, max-image-preview:large, max-video-preview:-1\" \/>\n<link rel=\"canonical\" href=\"https:\/\/www.translanekin.eu\/fr\/translanekin-newsletter-no1\/\" \/>\n<meta property=\"og:locale\" content=\"fr_FR\" \/>\n<meta property=\"og:type\" content=\"article\" \/>\n<meta property=\"og:title\" content=\"Translanekin Newsletter N\u00ba1\" \/>\n<meta property=\"og:description\" content=\"Nous avons les mat\u00e9riaux...... \u00e0 nous de construire !Une forte participation, un bon feed-back et une \u00e9valuation positive r\u00e9sument la pr\u00e9sentation des r\u00e9sultats de l&#039;Enqu\u00eate sur l&#039;Emploi et la Formation Transfrontaliers..\u00abIl est clair\u00bb, souligne-t\u2019on c\u00f4t\u00e9 INSUP, \u00abqu&#039;il existe dans les trois territoires des ressources tr\u00e8s int\u00e9ressantes pour favoriser la mobilit\u00e9 professionnelle transfrontali\u00e8re et aussi des [&hellip;]\" \/>\n<meta property=\"og:url\" content=\"https:\/\/www.translanekin.eu\/fr\/translanekin-newsletter-no1\/\" \/>\n<meta property=\"og:site_name\" content=\"Translanekin\" \/>\n<meta property=\"article:published_time\" content=\"2021-04-29T17:03:04+00:00\" \/>\n<meta property=\"article:modified_time\" content=\"2021-10-04T05:53:25+00:00\" \/>\n<meta property=\"og:image\" content=\"https:\/\/www.translanekin.eu\/wp-content\/uploads\/2021\/06\/Translanekin-newsletter.jpg\" \/>\n\t<meta property=\"og:image:width\" content=\"915\" \/>\n\t<meta property=\"og:image:height\" content=\"322\" \/>\n\t<meta property=\"og:image:type\" content=\"image\/jpeg\" \/>\n<meta name=\"author\" content=\"Alfonso Prim\" \/>\n<meta name=\"twitter:card\" content=\"summary_large_image\" \/>\n<meta name=\"twitter:label1\" content=\"\u00c9crit par\" \/>\n\t<meta name=\"twitter:data1\" content=\"Alfonso Prim\" \/>\n\t<meta name=\"twitter:label2\" content=\"Dur\u00e9e de lecture estim\u00e9e\" \/>\n\t<meta name=\"twitter:data2\" content=\"4 minutes\" \/>\n<script type=\"application\/ld+json\" class=\"yoast-schema-graph\">{\"@context\":\"https:\\\/\\\/schema.org\",\"@graph\":[{\"@type\":\"Article\",\"@id\":\"https:\\\/\\\/www.translanekin.eu\\\/fr\\\/translanekin-newsletter-no1\\\/#article\",\"isPartOf\":{\"@id\":\"https:\\\/\\\/www.translanekin.eu\\\/fr\\\/translanekin-newsletter-no1\\\/\"},\"author\":{\"name\":\"Alfonso Prim\",\"@id\":\"https:\\\/\\\/www.translanekin.eu\\\/fr\\\/#\\\/schema\\\/person\\\/e7acd83e0359589160ab97305af23881\"},\"headline\":\"Translanekin newsletter N\u00ba1\",\"datePublished\":\"2021-04-29T17:03:04+00:00\",\"dateModified\":\"2021-10-04T05:53:25+00:00\",\"mainEntityOfPage\":{\"@id\":\"https:\\\/\\\/www.translanekin.eu\\\/fr\\\/translanekin-newsletter-no1\\\/\"},\"wordCount\":1699,\"image\":{\"@id\":\"https:\\\/\\\/www.translanekin.eu\\\/fr\\\/translanekin-newsletter-no1\\\/#primaryimage\"},\"thumbnailUrl\":\"https:\\\/\\\/www.translanekin.eu\\\/wp-content\\\/uploads\\\/2021\\\/06\\\/Translanekin-newsletter.jpg\",\"articleSection\":[\"actions\"],\"inLanguage\":\"fr-FR\"},{\"@type\":\"WebPage\",\"@id\":\"https:\\\/\\\/www.translanekin.eu\\\/fr\\\/translanekin-newsletter-no1\\\/\",\"url\":\"https:\\\/\\\/www.translanekin.eu\\\/fr\\\/translanekin-newsletter-no1\\\/\",\"name\":\"Translanekin Newsletter N\u00ba1\",\"isPartOf\":{\"@id\":\"https:\\\/\\\/www.translanekin.eu\\\/fr\\\/#website\"},\"primaryImageOfPage\":{\"@id\":\"https:\\\/\\\/www.translanekin.eu\\\/fr\\\/translanekin-newsletter-no1\\\/#primaryimage\"},\"image\":{\"@id\":\"https:\\\/\\\/www.translanekin.eu\\\/fr\\\/translanekin-newsletter-no1\\\/#primaryimage\"},\"thumbnailUrl\":\"https:\\\/\\\/www.translanekin.eu\\\/wp-content\\\/uploads\\\/2021\\\/06\\\/Translanekin-newsletter.jpg\",\"datePublished\":\"2021-04-29T17:03:04+00:00\",\"dateModified\":\"2021-10-04T05:53:25+00:00\",\"author\":{\"@id\":\"https:\\\/\\\/www.translanekin.eu\\\/fr\\\/#\\\/schema\\\/person\\\/e7acd83e0359589160ab97305af23881\"},\"breadcrumb\":{\"@id\":\"https:\\\/\\\/www.translanekin.eu\\\/fr\\\/translanekin-newsletter-no1\\\/#breadcrumb\"},\"inLanguage\":\"fr-FR\",\"potentialAction\":[{\"@type\":\"ReadAction\",\"target\":[\"https:\\\/\\\/www.translanekin.eu\\\/fr\\\/translanekin-newsletter-no1\\\/\"]}]},{\"@type\":\"ImageObject\",\"inLanguage\":\"fr-FR\",\"@id\":\"https:\\\/\\\/www.translanekin.eu\\\/fr\\\/translanekin-newsletter-no1\\\/#primaryimage\",\"url\":\"https:\\\/\\\/www.translanekin.eu\\\/wp-content\\\/uploads\\\/2021\\\/06\\\/Translanekin-newsletter.jpg\",\"contentUrl\":\"https:\\\/\\\/www.translanekin.eu\\\/wp-content\\\/uploads\\\/2021\\\/06\\\/Translanekin-newsletter.jpg\",\"width\":915,\"height\":322,\"caption\":\"Translanekin newsletter\"},{\"@type\":\"BreadcrumbList\",\"@id\":\"https:\\\/\\\/www.translanekin.eu\\\/fr\\\/translanekin-newsletter-no1\\\/#breadcrumb\",\"itemListElement\":[{\"@type\":\"ListItem\",\"position\":1,\"name\":\"Portada\",\"item\":\"https:\\\/\\\/www.translanekin.eu\\\/fr\\\/\"},{\"@type\":\"ListItem\",\"position\":2,\"name\":\"Translanekin newsletter N\u00ba1\"}]},{\"@type\":\"WebSite\",\"@id\":\"https:\\\/\\\/www.translanekin.eu\\\/fr\\\/#website\",\"url\":\"https:\\\/\\\/www.translanekin.eu\\\/fr\\\/\",\"name\":\"Translanekin\",\"description\":\"Un proyecto para impulsar la movilidad laboral a ambos lados del Pirineo\",\"potentialAction\":[{\"@type\":\"SearchAction\",\"target\":{\"@type\":\"EntryPoint\",\"urlTemplate\":\"https:\\\/\\\/www.translanekin.eu\\\/fr\\\/?s={search_term_string}\"},\"query-input\":{\"@type\":\"PropertyValueSpecification\",\"valueRequired\":true,\"valueName\":\"search_term_string\"}}],\"inLanguage\":\"fr-FR\"},{\"@type\":\"Person\",\"@id\":\"https:\\\/\\\/www.translanekin.eu\\\/fr\\\/#\\\/schema\\\/person\\\/e7acd83e0359589160ab97305af23881\",\"name\":\"Alfonso Prim\",\"image\":{\"@type\":\"ImageObject\",\"inLanguage\":\"fr-FR\",\"@id\":\"https:\\\/\\\/secure.gravatar.com\\\/avatar\\\/97ceaafe7993b2d5032891c14e667aeb62322c2a0abce127722b677c354bc33a?s=96&d=mm&r=g\",\"url\":\"https:\\\/\\\/secure.gravatar.com\\\/avatar\\\/97ceaafe7993b2d5032891c14e667aeb62322c2a0abce127722b677c354bc33a?s=96&d=mm&r=g\",\"contentUrl\":\"https:\\\/\\\/secure.gravatar.com\\\/avatar\\\/97ceaafe7993b2d5032891c14e667aeb62322c2a0abce127722b677c354bc33a?s=96&d=mm&r=g\",\"caption\":\"Alfonso Prim\"},\"sameAs\":[\"https:\\\/\\\/innokabi.com\"],\"url\":\"https:\\\/\\\/www.translanekin.eu\\\/fr\\\/author\\\/alfonso\\\/\"}]}<\/script>\n<!-- \/ Yoast SEO plugin. -->","yoast_head_json":{"title":"Translanekin Newsletter N\u00ba1","robots":{"index":"index","follow":"follow","max-snippet":"max-snippet:-1","max-image-preview":"max-image-preview:large","max-video-preview":"max-video-preview:-1"},"canonical":"https:\/\/www.translanekin.eu\/fr\/translanekin-newsletter-no1\/","og_locale":"fr_FR","og_type":"article","og_title":"Translanekin Newsletter N\u00ba1","og_description":"Nous avons les mat\u00e9riaux...... \u00e0 nous de construire !Une forte participation, un bon feed-back et une \u00e9valuation positive r\u00e9sument la pr\u00e9sentation des r\u00e9sultats de l'Enqu\u00eate sur l'Emploi et la Formation Transfrontaliers..\u00abIl est clair\u00bb, souligne-t\u2019on c\u00f4t\u00e9 INSUP, \u00abqu'il existe dans les trois territoires des ressources tr\u00e8s int\u00e9ressantes pour favoriser la mobilit\u00e9 professionnelle transfrontali\u00e8re et aussi des [&hellip;]","og_url":"https:\/\/www.translanekin.eu\/fr\/translanekin-newsletter-no1\/","og_site_name":"Translanekin","article_published_time":"2021-04-29T17:03:04+00:00","article_modified_time":"2021-10-04T05:53:25+00:00","og_image":[{"width":915,"height":322,"url":"https:\/\/www.translanekin.eu\/wp-content\/uploads\/2021\/06\/Translanekin-newsletter.jpg","type":"image\/jpeg"}],"author":"Alfonso Prim","twitter_card":"summary_large_image","twitter_misc":{"\u00c9crit par":"Alfonso Prim","Dur\u00e9e de lecture estim\u00e9e":"4 minutes"},"schema":{"@context":"https:\/\/schema.org","@graph":[{"@type":"Article","@id":"https:\/\/www.translanekin.eu\/fr\/translanekin-newsletter-no1\/#article","isPartOf":{"@id":"https:\/\/www.translanekin.eu\/fr\/translanekin-newsletter-no1\/"},"author":{"name":"Alfonso Prim","@id":"https:\/\/www.translanekin.eu\/fr\/#\/schema\/person\/e7acd83e0359589160ab97305af23881"},"headline":"Translanekin newsletter N\u00ba1","datePublished":"2021-04-29T17:03:04+00:00","dateModified":"2021-10-04T05:53:25+00:00","mainEntityOfPage":{"@id":"https:\/\/www.translanekin.eu\/fr\/translanekin-newsletter-no1\/"},"wordCount":1699,"image":{"@id":"https:\/\/www.translanekin.eu\/fr\/translanekin-newsletter-no1\/#primaryimage"},"thumbnailUrl":"https:\/\/www.translanekin.eu\/wp-content\/uploads\/2021\/06\/Translanekin-newsletter.jpg","articleSection":["actions"],"inLanguage":"fr-FR"},{"@type":"WebPage","@id":"https:\/\/www.translanekin.eu\/fr\/translanekin-newsletter-no1\/","url":"https:\/\/www.translanekin.eu\/fr\/translanekin-newsletter-no1\/","name":"Translanekin Newsletter N\u00ba1","isPartOf":{"@id":"https:\/\/www.translanekin.eu\/fr\/#website"},"primaryImageOfPage":{"@id":"https:\/\/www.translanekin.eu\/fr\/translanekin-newsletter-no1\/#primaryimage"},"image":{"@id":"https:\/\/www.translanekin.eu\/fr\/translanekin-newsletter-no1\/#primaryimage"},"thumbnailUrl":"https:\/\/www.translanekin.eu\/wp-content\/uploads\/2021\/06\/Translanekin-newsletter.jpg","datePublished":"2021-04-29T17:03:04+00:00","dateModified":"2021-10-04T05:53:25+00:00","author":{"@id":"https:\/\/www.translanekin.eu\/fr\/#\/schema\/person\/e7acd83e0359589160ab97305af23881"},"breadcrumb":{"@id":"https:\/\/www.translanekin.eu\/fr\/translanekin-newsletter-no1\/#breadcrumb"},"inLanguage":"fr-FR","potentialAction":[{"@type":"ReadAction","target":["https:\/\/www.translanekin.eu\/fr\/translanekin-newsletter-no1\/"]}]},{"@type":"ImageObject","inLanguage":"fr-FR","@id":"https:\/\/www.translanekin.eu\/fr\/translanekin-newsletter-no1\/#primaryimage","url":"https:\/\/www.translanekin.eu\/wp-content\/uploads\/2021\/06\/Translanekin-newsletter.jpg","contentUrl":"https:\/\/www.translanekin.eu\/wp-content\/uploads\/2021\/06\/Translanekin-newsletter.jpg","width":915,"height":322,"caption":"Translanekin newsletter"},{"@type":"BreadcrumbList","@id":"https:\/\/www.translanekin.eu\/fr\/translanekin-newsletter-no1\/#breadcrumb","itemListElement":[{"@type":"ListItem","position":1,"name":"Portada","item":"https:\/\/www.translanekin.eu\/fr\/"},{"@type":"ListItem","position":2,"name":"Translanekin newsletter N\u00ba1"}]},{"@type":"WebSite","@id":"https:\/\/www.translanekin.eu\/fr\/#website","url":"https:\/\/www.translanekin.eu\/fr\/","name":"Translanekin","description":"Un proyecto para impulsar la movilidad laboral a ambos lados del Pirineo","potentialAction":[{"@type":"SearchAction","target":{"@type":"EntryPoint","urlTemplate":"https:\/\/www.translanekin.eu\/fr\/?s={search_term_string}"},"query-input":{"@type":"PropertyValueSpecification","valueRequired":true,"valueName":"search_term_string"}}],"inLanguage":"fr-FR"},{"@type":"Person","@id":"https:\/\/www.translanekin.eu\/fr\/#\/schema\/person\/e7acd83e0359589160ab97305af23881","name":"Alfonso Prim","image":{"@type":"ImageObject","inLanguage":"fr-FR","@id":"https:\/\/secure.gravatar.com\/avatar\/97ceaafe7993b2d5032891c14e667aeb62322c2a0abce127722b677c354bc33a?s=96&d=mm&r=g","url":"https:\/\/secure.gravatar.com\/avatar\/97ceaafe7993b2d5032891c14e667aeb62322c2a0abce127722b677c354bc33a?s=96&d=mm&r=g","contentUrl":"https:\/\/secure.gravatar.com\/avatar\/97ceaafe7993b2d5032891c14e667aeb62322c2a0abce127722b677c354bc33a?s=96&d=mm&r=g","caption":"Alfonso Prim"},"sameAs":["https:\/\/innokabi.com"],"url":"https:\/\/www.translanekin.eu\/fr\/author\/alfonso\/"}]}},"_links":{"self":[{"href":"https:\/\/www.translanekin.eu\/fr\/wp-json\/wp\/v2\/posts\/1466","targetHints":{"allow":["GET"]}}],"collection":[{"href":"https:\/\/www.translanekin.eu\/fr\/wp-json\/wp\/v2\/posts"}],"about":[{"href":"https:\/\/www.translanekin.eu\/fr\/wp-json\/wp\/v2\/types\/post"}],"author":[{"embeddable":true,"href":"https:\/\/www.translanekin.eu\/fr\/wp-json\/wp\/v2\/users\/2"}],"replies":[{"embeddable":true,"href":"https:\/\/www.translanekin.eu\/fr\/wp-json\/wp\/v2\/comments?post=1466"}],"version-history":[{"count":2,"href":"https:\/\/www.translanekin.eu\/fr\/wp-json\/wp\/v2\/posts\/1466\/revisions"}],"predecessor-version":[{"id":1469,"href":"https:\/\/www.translanekin.eu\/fr\/wp-json\/wp\/v2\/posts\/1466\/revisions\/1469"}],"wp:featuredmedia":[{"embeddable":true,"href":"https:\/\/www.translanekin.eu\/fr\/wp-json\/wp\/v2\/media\/1438"}],"wp:attachment":[{"href":"https:\/\/www.translanekin.eu\/fr\/wp-json\/wp\/v2\/media?parent=1466"}],"wp:term":[{"taxonomy":"category","embeddable":true,"href":"https:\/\/www.translanekin.eu\/fr\/wp-json\/wp\/v2\/categories?post=1466"},{"taxonomy":"post_tag","embeddable":true,"href":"https:\/\/www.translanekin.eu\/fr\/wp-json\/wp\/v2\/tags?post=1466"}],"curies":[{"name":"wp","href":"https:\/\/api.w.org\/{rel}","templated":true}]}}