{"id":1304,"date":"2021-03-25T09:39:23","date_gmt":"2021-03-25T08:39:23","guid":{"rendered":"https:\/\/www.translanekin.eu\/?p=1304"},"modified":"2021-06-29T16:54:06","modified_gmt":"2021-06-29T15:54:06","slug":"la-reunion-de-lequipe-de-projet-le-25-03-2021","status":"publish","type":"post","link":"https:\/\/www.translanekin.eu\/fr\/la-reunion-de-lequipe-de-projet-le-25-03-2021\/","title":{"rendered":"LA R\u00c9UNION DE L&rsquo;\u00c9QUIPE PROJET.  LE 25.03.2021"},"content":{"rendered":"<p>[et_pb_section fb_built=\u00a0\u00bb1&Prime; _builder_version=\u00a0\u00bb4.4.3&Prime; custom_padding=\u00a0\u00bb1px|||||\u00a0\u00bb][et_pb_row _builder_version=\u00a0\u00bb4.4.3&Prime; custom_padding=\u00a0\u00bb0px|||||\u00a0\u00bb][et_pb_column type=\u00a0\u00bb4_4&Prime; _builder_version=\u00a0\u00bb4.4.3&Prime;][et_pb_image src=\u00a0\u00bbhttps:\/\/www.translanekin.eu\/wp-content\/uploads\/2021\/04\/imagentrans-1.jpg\u00a0\u00bb alt=\u00a0\u00bbR\u00e9union de l&rsquo;\u00c9quipe de Projet pour faire avancer le diagnostic\u00a0\u00bb title_text=\u00a0\u00bbimagentrans\u00a0\u00bb _builder_version=\u00a0\u00bb4.8.1&Prime; hover_enabled=\u00a0\u00bb0&Prime; sticky_enabled=\u00a0\u00bb0&Prime;][\/et_pb_image][\/et_pb_column][\/et_pb_row][et_pb_row _builder_version=\u00a0\u00bb4.4.3&Prime;][et_pb_column type=\u00a0\u00bb4_4&Prime; _builder_version=\u00a0\u00bb4.4.3&Prime;][et_pb_text _builder_version=\u00a0\u00bb4.4.5&Prime; custom_padding=\u00a0\u00bb3px|||||\u00a0\u00bb]<\/p>\n<p>Lors de cette r\u00e9union, la proposition de couverture m\u00e9diatique du projet a \u00e9t\u00e9 pr\u00e9sent\u00e9e;\u00a0le programme de la session du 31 a \u00e9t\u00e9 valid\u00e9, les pr\u00e9sentations des r\u00e9sultats du diagnostic\u00a0 et il a \u00e9t\u00e9 signal\u00e9 qu&rsquo;il n&rsquo;y a toujours pas de d\u00e9cision de la CTP sur la demande de prolongation du d\u00e9lai d\u2019ex\u00e9cution du projet.<\/p>\n<p>De plus, l&rsquo;espace de coproduction num\u00e9rique, accessible sur le site web, a \u00e9galement \u00e9t\u00e9 pr\u00e9sent\u00e9 \u00e0 l\u2019adresse suivante : <span><a href=\"https:\/\/action.translanekin.eu\/es\/\">https:\/\/action.translanekin.eu\/es\/<\/a><\/span>\u00a0<\/p>\n<p>&nbsp;<\/p>\n<p>[\/et_pb_text][\/et_pb_column][\/et_pb_row][\/et_pb_section]<\/p>\n","protected":false},"excerpt":{"rendered":"<p>Lors de cette r\u00e9union, la proposition de couverture m\u00e9diatique du projet a \u00e9t\u00e9 pr\u00e9sent\u00e9e;\u00a0le programme de la session du 31 a \u00e9t\u00e9 valid\u00e9, les pr\u00e9sentations des r\u00e9sultats du diagnostic\u00a0 et il a \u00e9t\u00e9 signal\u00e9 qu&rsquo;il n&rsquo;y a toujours pas de d\u00e9cision de la CTP sur la demande de prolongation du d\u00e9lai d\u2019ex\u00e9cution du projet. De [&hellip;]<\/p>\n","protected":false},"author":5,"featured_media":0,"comment_status":"closed","ping_status":"closed","sticky":false,"template":"","format":"standard","meta":{"_et_pb_use_builder":"on","_et_pb_old_content":"","_et_gb_content_width":"","footnotes":""},"categories":[22],"tags":[],"class_list":["post-1304","post","type-post","status-publish","format-standard","hentry","category-actions"],"yoast_head":"<!-- This site is optimized with the Yoast SEO plugin v27.5 - https:\/\/yoast.com\/product\/yoast-seo-wordpress\/ -->\n<title>LA R\u00c9UNION DE L&#039;\u00c9QUIPE PROJET. LE 25.03.2021 - Translanekin<\/title>\n<meta name=\"robots\" content=\"index, follow, max-snippet:-1, max-image-preview:large, max-video-preview:-1\" \/>\n<link rel=\"canonical\" href=\"https:\/\/www.translanekin.eu\/fr\/la-reunion-de-lequipe-de-projet-le-25-03-2021\/\" \/>\n<meta property=\"og:locale\" content=\"fr_FR\" \/>\n<meta property=\"og:type\" content=\"article\" \/>\n<meta property=\"og:title\" content=\"LA R\u00c9UNION DE L&#039;\u00c9QUIPE PROJET. LE 25.03.2021 - Translanekin\" \/>\n<meta property=\"og:description\" content=\"Lors de cette r\u00e9union, la proposition de couverture m\u00e9diatique du projet a \u00e9t\u00e9 pr\u00e9sent\u00e9e;\u00a0le programme de la session du 31 a \u00e9t\u00e9 valid\u00e9, les pr\u00e9sentations des r\u00e9sultats du diagnostic\u00a0 et il a \u00e9t\u00e9 signal\u00e9 qu&#039;il n&#039;y a toujours pas de d\u00e9cision de la CTP sur la demande de prolongation du d\u00e9lai d\u2019ex\u00e9cution du projet. De [&hellip;]\" \/>\n<meta property=\"og:url\" content=\"https:\/\/www.translanekin.eu\/fr\/la-reunion-de-lequipe-de-projet-le-25-03-2021\/\" \/>\n<meta property=\"og:site_name\" content=\"Translanekin\" \/>\n<meta property=\"article:published_time\" content=\"2021-03-25T08:39:23+00:00\" \/>\n<meta property=\"article:modified_time\" content=\"2021-06-29T15:54:06+00:00\" \/>\n<meta name=\"author\" content=\"ElsaArete\" \/>\n<meta name=\"twitter:card\" content=\"summary_large_image\" \/>\n<meta name=\"twitter:label1\" content=\"\u00c9crit par\" \/>\n\t<meta name=\"twitter:data1\" content=\"ElsaArete\" \/>\n<script type=\"application\/ld+json\" class=\"yoast-schema-graph\">{\"@context\":\"https:\\\/\\\/schema.org\",\"@graph\":[{\"@type\":\"Article\",\"@id\":\"https:\\\/\\\/www.translanekin.eu\\\/fr\\\/la-reunion-de-lequipe-de-projet-le-25-03-2021\\\/#article\",\"isPartOf\":{\"@id\":\"https:\\\/\\\/www.translanekin.eu\\\/fr\\\/la-reunion-de-lequipe-de-projet-le-25-03-2021\\\/\"},\"author\":{\"name\":\"ElsaArete\",\"@id\":\"https:\\\/\\\/www.translanekin.eu\\\/fr\\\/#\\\/schema\\\/person\\\/916dd2dbe63b9dfd136e35770e8b0779\"},\"headline\":\"LA R\u00c9UNION DE L&rsquo;\u00c9QUIPE PROJET. LE 25.03.2021\",\"datePublished\":\"2021-03-25T08:39:23+00:00\",\"dateModified\":\"2021-06-29T15:54:06+00:00\",\"mainEntityOfPage\":{\"@id\":\"https:\\\/\\\/www.translanekin.eu\\\/fr\\\/la-reunion-de-lequipe-de-projet-le-25-03-2021\\\/\"},\"wordCount\":199,\"articleSection\":[\"actions\"],\"inLanguage\":\"fr-FR\"},{\"@type\":\"WebPage\",\"@id\":\"https:\\\/\\\/www.translanekin.eu\\\/fr\\\/la-reunion-de-lequipe-de-projet-le-25-03-2021\\\/\",\"url\":\"https:\\\/\\\/www.translanekin.eu\\\/fr\\\/la-reunion-de-lequipe-de-projet-le-25-03-2021\\\/\",\"name\":\"LA R\u00c9UNION DE L'\u00c9QUIPE PROJET. LE 25.03.2021 - Translanekin\",\"isPartOf\":{\"@id\":\"https:\\\/\\\/www.translanekin.eu\\\/fr\\\/#website\"},\"datePublished\":\"2021-03-25T08:39:23+00:00\",\"dateModified\":\"2021-06-29T15:54:06+00:00\",\"author\":{\"@id\":\"https:\\\/\\\/www.translanekin.eu\\\/fr\\\/#\\\/schema\\\/person\\\/916dd2dbe63b9dfd136e35770e8b0779\"},\"breadcrumb\":{\"@id\":\"https:\\\/\\\/www.translanekin.eu\\\/fr\\\/la-reunion-de-lequipe-de-projet-le-25-03-2021\\\/#breadcrumb\"},\"inLanguage\":\"fr-FR\",\"potentialAction\":[{\"@type\":\"ReadAction\",\"target\":[\"https:\\\/\\\/www.translanekin.eu\\\/fr\\\/la-reunion-de-lequipe-de-projet-le-25-03-2021\\\/\"]}]},{\"@type\":\"BreadcrumbList\",\"@id\":\"https:\\\/\\\/www.translanekin.eu\\\/fr\\\/la-reunion-de-lequipe-de-projet-le-25-03-2021\\\/#breadcrumb\",\"itemListElement\":[{\"@type\":\"ListItem\",\"position\":1,\"name\":\"Portada\",\"item\":\"https:\\\/\\\/www.translanekin.eu\\\/fr\\\/\"},{\"@type\":\"ListItem\",\"position\":2,\"name\":\"LA R\u00c9UNION DE L&rsquo;\u00c9QUIPE PROJET. LE 25.03.2021\"}]},{\"@type\":\"WebSite\",\"@id\":\"https:\\\/\\\/www.translanekin.eu\\\/fr\\\/#website\",\"url\":\"https:\\\/\\\/www.translanekin.eu\\\/fr\\\/\",\"name\":\"Translanekin\",\"description\":\"Un proyecto para impulsar la movilidad laboral a ambos lados del Pirineo\",\"potentialAction\":[{\"@type\":\"SearchAction\",\"target\":{\"@type\":\"EntryPoint\",\"urlTemplate\":\"https:\\\/\\\/www.translanekin.eu\\\/fr\\\/?s={search_term_string}\"},\"query-input\":{\"@type\":\"PropertyValueSpecification\",\"valueRequired\":true,\"valueName\":\"search_term_string\"}}],\"inLanguage\":\"fr-FR\"},{\"@type\":\"Person\",\"@id\":\"https:\\\/\\\/www.translanekin.eu\\\/fr\\\/#\\\/schema\\\/person\\\/916dd2dbe63b9dfd136e35770e8b0779\",\"name\":\"ElsaArete\",\"image\":{\"@type\":\"ImageObject\",\"inLanguage\":\"fr-FR\",\"@id\":\"https:\\\/\\\/secure.gravatar.com\\\/avatar\\\/7c3b4d51277db06bbdca809564aa5b95d0e0174251aed16dba883ee4bce244fc?s=96&d=mm&r=g\",\"url\":\"https:\\\/\\\/secure.gravatar.com\\\/avatar\\\/7c3b4d51277db06bbdca809564aa5b95d0e0174251aed16dba883ee4bce244fc?s=96&d=mm&r=g\",\"contentUrl\":\"https:\\\/\\\/secure.gravatar.com\\\/avatar\\\/7c3b4d51277db06bbdca809564aa5b95d0e0174251aed16dba883ee4bce244fc?s=96&d=mm&r=g\",\"caption\":\"ElsaArete\"},\"url\":\"https:\\\/\\\/www.translanekin.eu\\\/fr\\\/author\\\/elsaarete\\\/\"}]}<\/script>\n<!-- \/ Yoast SEO plugin. -->","yoast_head_json":{"title":"LA R\u00c9UNION DE L'\u00c9QUIPE PROJET. LE 25.03.2021 - Translanekin","robots":{"index":"index","follow":"follow","max-snippet":"max-snippet:-1","max-image-preview":"max-image-preview:large","max-video-preview":"max-video-preview:-1"},"canonical":"https:\/\/www.translanekin.eu\/fr\/la-reunion-de-lequipe-de-projet-le-25-03-2021\/","og_locale":"fr_FR","og_type":"article","og_title":"LA R\u00c9UNION DE L'\u00c9QUIPE PROJET. LE 25.03.2021 - Translanekin","og_description":"Lors de cette r\u00e9union, la proposition de couverture m\u00e9diatique du projet a \u00e9t\u00e9 pr\u00e9sent\u00e9e;\u00a0le programme de la session du 31 a \u00e9t\u00e9 valid\u00e9, les pr\u00e9sentations des r\u00e9sultats du diagnostic\u00a0 et il a \u00e9t\u00e9 signal\u00e9 qu'il n'y a toujours pas de d\u00e9cision de la CTP sur la demande de prolongation du d\u00e9lai d\u2019ex\u00e9cution du projet. De [&hellip;]","og_url":"https:\/\/www.translanekin.eu\/fr\/la-reunion-de-lequipe-de-projet-le-25-03-2021\/","og_site_name":"Translanekin","article_published_time":"2021-03-25T08:39:23+00:00","article_modified_time":"2021-06-29T15:54:06+00:00","author":"ElsaArete","twitter_card":"summary_large_image","twitter_misc":{"\u00c9crit par":"ElsaArete"},"schema":{"@context":"https:\/\/schema.org","@graph":[{"@type":"Article","@id":"https:\/\/www.translanekin.eu\/fr\/la-reunion-de-lequipe-de-projet-le-25-03-2021\/#article","isPartOf":{"@id":"https:\/\/www.translanekin.eu\/fr\/la-reunion-de-lequipe-de-projet-le-25-03-2021\/"},"author":{"name":"ElsaArete","@id":"https:\/\/www.translanekin.eu\/fr\/#\/schema\/person\/916dd2dbe63b9dfd136e35770e8b0779"},"headline":"LA R\u00c9UNION DE L&rsquo;\u00c9QUIPE PROJET. LE 25.03.2021","datePublished":"2021-03-25T08:39:23+00:00","dateModified":"2021-06-29T15:54:06+00:00","mainEntityOfPage":{"@id":"https:\/\/www.translanekin.eu\/fr\/la-reunion-de-lequipe-de-projet-le-25-03-2021\/"},"wordCount":199,"articleSection":["actions"],"inLanguage":"fr-FR"},{"@type":"WebPage","@id":"https:\/\/www.translanekin.eu\/fr\/la-reunion-de-lequipe-de-projet-le-25-03-2021\/","url":"https:\/\/www.translanekin.eu\/fr\/la-reunion-de-lequipe-de-projet-le-25-03-2021\/","name":"LA R\u00c9UNION DE L'\u00c9QUIPE PROJET. LE 25.03.2021 - Translanekin","isPartOf":{"@id":"https:\/\/www.translanekin.eu\/fr\/#website"},"datePublished":"2021-03-25T08:39:23+00:00","dateModified":"2021-06-29T15:54:06+00:00","author":{"@id":"https:\/\/www.translanekin.eu\/fr\/#\/schema\/person\/916dd2dbe63b9dfd136e35770e8b0779"},"breadcrumb":{"@id":"https:\/\/www.translanekin.eu\/fr\/la-reunion-de-lequipe-de-projet-le-25-03-2021\/#breadcrumb"},"inLanguage":"fr-FR","potentialAction":[{"@type":"ReadAction","target":["https:\/\/www.translanekin.eu\/fr\/la-reunion-de-lequipe-de-projet-le-25-03-2021\/"]}]},{"@type":"BreadcrumbList","@id":"https:\/\/www.translanekin.eu\/fr\/la-reunion-de-lequipe-de-projet-le-25-03-2021\/#breadcrumb","itemListElement":[{"@type":"ListItem","position":1,"name":"Portada","item":"https:\/\/www.translanekin.eu\/fr\/"},{"@type":"ListItem","position":2,"name":"LA R\u00c9UNION DE L&rsquo;\u00c9QUIPE PROJET. LE 25.03.2021"}]},{"@type":"WebSite","@id":"https:\/\/www.translanekin.eu\/fr\/#website","url":"https:\/\/www.translanekin.eu\/fr\/","name":"Translanekin","description":"Un proyecto para impulsar la movilidad laboral a ambos lados del Pirineo","potentialAction":[{"@type":"SearchAction","target":{"@type":"EntryPoint","urlTemplate":"https:\/\/www.translanekin.eu\/fr\/?s={search_term_string}"},"query-input":{"@type":"PropertyValueSpecification","valueRequired":true,"valueName":"search_term_string"}}],"inLanguage":"fr-FR"},{"@type":"Person","@id":"https:\/\/www.translanekin.eu\/fr\/#\/schema\/person\/916dd2dbe63b9dfd136e35770e8b0779","name":"ElsaArete","image":{"@type":"ImageObject","inLanguage":"fr-FR","@id":"https:\/\/secure.gravatar.com\/avatar\/7c3b4d51277db06bbdca809564aa5b95d0e0174251aed16dba883ee4bce244fc?s=96&d=mm&r=g","url":"https:\/\/secure.gravatar.com\/avatar\/7c3b4d51277db06bbdca809564aa5b95d0e0174251aed16dba883ee4bce244fc?s=96&d=mm&r=g","contentUrl":"https:\/\/secure.gravatar.com\/avatar\/7c3b4d51277db06bbdca809564aa5b95d0e0174251aed16dba883ee4bce244fc?s=96&d=mm&r=g","caption":"ElsaArete"},"url":"https:\/\/www.translanekin.eu\/fr\/author\/elsaarete\/"}]}},"_links":{"self":[{"href":"https:\/\/www.translanekin.eu\/fr\/wp-json\/wp\/v2\/posts\/1304","targetHints":{"allow":["GET"]}}],"collection":[{"href":"https:\/\/www.translanekin.eu\/fr\/wp-json\/wp\/v2\/posts"}],"about":[{"href":"https:\/\/www.translanekin.eu\/fr\/wp-json\/wp\/v2\/types\/post"}],"author":[{"embeddable":true,"href":"https:\/\/www.translanekin.eu\/fr\/wp-json\/wp\/v2\/users\/5"}],"replies":[{"embeddable":true,"href":"https:\/\/www.translanekin.eu\/fr\/wp-json\/wp\/v2\/comments?post=1304"}],"version-history":[{"count":3,"href":"https:\/\/www.translanekin.eu\/fr\/wp-json\/wp\/v2\/posts\/1304\/revisions"}],"predecessor-version":[{"id":1423,"href":"https:\/\/www.translanekin.eu\/fr\/wp-json\/wp\/v2\/posts\/1304\/revisions\/1423"}],"wp:attachment":[{"href":"https:\/\/www.translanekin.eu\/fr\/wp-json\/wp\/v2\/media?parent=1304"}],"wp:term":[{"taxonomy":"category","embeddable":true,"href":"https:\/\/www.translanekin.eu\/fr\/wp-json\/wp\/v2\/categories?post=1304"},{"taxonomy":"post_tag","embeddable":true,"href":"https:\/\/www.translanekin.eu\/fr\/wp-json\/wp\/v2\/tags?post=1304"}],"curies":[{"name":"wp","href":"https:\/\/api.w.org\/{rel}","templated":true}]}}